{"id":74511,"date":"2025-06-27T11:09:44","date_gmt":"2025-06-27T14:09:44","guid":{"rendered":"https:\/\/appservicos.com\/noticias\/lula-diz-que-mudara-regra-sobre-custeio-de-traslado-de-corpos\/"},"modified":"2025-06-27T11:09:54","modified_gmt":"2025-06-27T14:09:54","slug":"lula-diz-que-mudara-regra-sobre-custeio-de-traslado-de-corpos","status":"publish","type":"post","link":"https:\/\/appservicos.com\/noticias\/lula-diz-que-mudara-regra-sobre-custeio-de-traslado-de-corpos\/","title":{"rendered":"Lula diz que mudar\u00e1 regra sobre custeio de traslado de corpos"},"content":{"rendered":"<div>\n<p>O <strong>presidente Luiz In\u00e1cio Lula da Silva afirmou nesta quinta-feira (26), em S\u00e3o Paulo, que ir\u00e1 revogar decreto que impede o governo federal de custear traslados de corpos de brasileiros do exterior para o Brasil<\/strong>. Lula anunciou a medida ap\u00f3s a <strong>morte da jovem Juliana Marins, que caiu da borda da cratera de um vulc\u00e3o na Indon\u00e9sia<\/strong>.\u00a0<img decoding=\"async\" src=\"https:\/\/agenciabrasil.ebc.com.br\/ebc.png?id=1648580&#038;o=node\"><img decoding=\"async\" src=\"https:\/\/agenciabrasil.ebc.com.br\/ebc.gif?id=1648580&#038;o=node\"><\/p>\n<p><strong>Desde 2017, uma norma n\u00e3o autoriza o Minist\u00e9rio das Rela\u00e7\u00f5es Exteriores a pagar pelo traslado de corpos de brasileiros<\/strong>. Lula disse ainda que ir\u00e1 editar um novo decreto, mas n\u00e3o detalhou como ser\u00e3o as regras.\u00a0<\/p>\n<blockquote>\n<p>&#8220;Quando chegar em Bras\u00edlia agora, eu vou revogar esse decreto. Vou fazer um outro decreto para que o governo brasileiro assuma a responsabilidade de custear as despesas da vinda dessa jovem ao Brasil&#8221;, afirmou.<\/p>\n<\/blockquote>\n<p>&#8220;Vamos cuidar de todos os brasileiros, estejam eles onde estiverem&#8221;, acrescentou.<\/p>\n<p>Mais cedo, Lula anunciou, em rede social, ter conversado, por telefone, com o pai de Juliana Marins, Manoel Marins. O presidente informou ter determinado ao Minist\u00e9rio das Rela\u00e7\u00f5es Exteriores que prestasse\u00a0\u201ctodo o apoio\u201d \u00e0 fam\u00edlia,\u00a0\u201co que inclui o translado do corpo at\u00e9 o Brasil.\u201d<\/p>\n<p>Manoel Marins est\u00e1 na Indon\u00e9sia para tratar dos tr\u00e2mites de repatria\u00e7\u00e3o da filha. A jovem caiu\u00a0no \u00faltimo s\u00e1bado (21).\u00a0O resgate s\u00f3 conseguiu alcan\u00e7\u00e1-la na ter\u00e7a-feira (24), quando j\u00e1 estava morta. A fam\u00edlia critica a demora no resgate e que\u00a0houve neglig\u00eancia da equipe local. O\u00a0servi\u00e7o respons\u00e1vel por buscas e resgate da Indon\u00e9sia afirma que a demora no salvamento foi porque as equipes s\u00f3 foram avisadas depois que um integrante do grupo de Juliana conseguiu descer at\u00e9 um posto distante da queda ap\u00f3s horas de caminhada. Eles argumentam que as condi\u00e7\u00f5es clim\u00e1ticas adversas dificultaram o trabalho.<\/p>\n<p>O corpo de Juliana foi levado para Bali nesta quinta-feira (26), onde vai passar por aut\u00f3psia. O procedimento deve esclarecer detalhes da morte.\u00a0<\/p>\n<p><em>* Com informa\u00e7\u00f5es da TV Brasil\u00a0<\/em><\/p>\n<\/p><\/div>\n","protected":false},"excerpt":{"rendered":"<p>O presidente Luiz In\u00e1cio Lula da Silva afirmou nesta quinta-feira (26), em S\u00e3o Paulo, que ir\u00e1 revogar decreto que impede o governo federal de custear traslados de corpos de brasileiros&hellip;<\/p>\n","protected":false},"author":1,"featured_media":74512,"comment_status":"open","ping_status":"open","sticky":false,"template":"","format":"standard","meta":{"_lmt_disableupdate":"","_lmt_disable":"","footnotes":""},"categories":[6],"tags":[],"class_list":["post-74511","post","type-post","status-publish","format-standard","has-post-thumbnail","hentry","category-regiao"],"_links":{"self":[{"href":"https:\/\/appservicos.com\/noticias\/wp-json\/wp\/v2\/posts\/74511","targetHints":{"allow":["GET"]}}],"collection":[{"href":"https:\/\/appservicos.com\/noticias\/wp-json\/wp\/v2\/posts"}],"about":[{"href":"https:\/\/appservicos.com\/noticias\/wp-json\/wp\/v2\/types\/post"}],"author":[{"embeddable":true,"href":"https:\/\/appservicos.com\/noticias\/wp-json\/wp\/v2\/users\/1"}],"replies":[{"embeddable":true,"href":"https:\/\/appservicos.com\/noticias\/wp-json\/wp\/v2\/comments?post=74511"}],"version-history":[{"count":0,"href":"https:\/\/appservicos.com\/noticias\/wp-json\/wp\/v2\/posts\/74511\/revisions"}],"wp:featuredmedia":[{"embeddable":true,"href":"https:\/\/appservicos.com\/noticias\/wp-json\/wp\/v2\/media\/74512"}],"wp:attachment":[{"href":"https:\/\/appservicos.com\/noticias\/wp-json\/wp\/v2\/media?parent=74511"}],"wp:term":[{"taxonomy":"category","embeddable":true,"href":"https:\/\/appservicos.com\/noticias\/wp-json\/wp\/v2\/categories?post=74511"},{"taxonomy":"post_tag","embeddable":true,"href":"https:\/\/appservicos.com\/noticias\/wp-json\/wp\/v2\/tags?post=74511"}],"curies":[{"name":"wp","href":"https:\/\/api.w.org\/{rel}","templated":true}]}}