{"id":75001,"date":"2025-07-07T03:12:57","date_gmt":"2025-07-07T06:12:57","guid":{"rendered":"https:\/\/appservicos.com\/noticias\/sancoes-unilaterais-prejudicam-direitos-humanos-dizem-brics\/"},"modified":"2025-07-07T03:13:05","modified_gmt":"2025-07-07T06:13:05","slug":"sancoes-unilaterais-prejudicam-direitos-humanos-dizem-brics","status":"publish","type":"post","link":"https:\/\/appservicos.com\/noticias\/sancoes-unilaterais-prejudicam-direitos-humanos-dizem-brics\/","title":{"rendered":"San\u00e7\u00f5es unilaterais prejudicam direitos humanos, dizem Brics"},"content":{"rendered":"<div>\n<p>O comunicado final dos pa\u00edses do Brics condenou o uso de medidas como san\u00e7\u00f5es comerciais e eleva\u00e7\u00f5es unilaterais de tarifas como instrumentos pol\u00edticos. O texto, no entanto, n\u00e3o mencionou diretamente os Estados Unidos nem o governo Donald Trump.<img decoding=\"async\" src=\"https:\/\/agenciabrasil.ebc.com.br\/ebc.png?id=1649735&#038;o=node\"><img decoding=\"async\" src=\"https:\/\/agenciabrasil.ebc.com.br\/ebc.gif?id=1649735&#038;o=node\"><\/p>\n<p>Segundo o documento,<strong> o protecionismo comercial contr\u00e1rio ao direito internacional prejudica o desenvolvimento de pa\u00edses mais pobres e amplia a desigualdade global<\/strong>. Isso resulta no aprofundamento da exclus\u00e3o digital e no aumento dos desafios ambientais.<\/p>\n<p>\u201cCondenamos a imposi\u00e7\u00e3o de medidas coercitivas unilaterais contr\u00e1rias ao direito internacional e reiteramos que tais medidas, na forma de, entre outras, san\u00e7\u00f5es econ\u00f4micas unilaterais e san\u00e7\u00f5es secund\u00e1rias, t\u00eam implica\u00e7\u00f5es negativas de longo alcance para os direitos humanos, incluindo os direitos ao desenvolvimento, \u00e0 sa\u00fade e \u00e0 seguran\u00e7a alimentar da popula\u00e7\u00e3o em geral dos estados atingidos\u201d, destacou o comunicado.<\/p>\n<p>O texto pede a elimina\u00e7\u00e3o de san\u00e7\u00f5es e de medidas fora dos crit\u00e9rios da Organiza\u00e7\u00e3o das Na\u00e7\u00f5es Unidas (ONU). <strong>De acordo com os pa\u00edses do Brics, s\u00f3 s\u00e3o legalizadas as san\u00e7\u00f5es autorizadas pelo Conselho de Seguran\u00e7a das Na\u00e7\u00f5es Unidas, \u00f3rg\u00e3o em que a R\u00fassia e a China t\u00eam poder de veto.<\/strong><\/p>\n<p>\u201cApelamos \u00e0 elimina\u00e7\u00e3o de tais medidas ilegais, que minam o direito internacional e os princ\u00edpios e prop\u00f3sitos da Carta das Na\u00e7\u00f5es Unidas. Reafirmamos que os estados-membros do Brics n\u00e3o imp\u00f5em nem apoiam san\u00e7\u00f5es n\u00e3o-autorizadas pelo Conselho de Seguran\u00e7a da ONU\u201d, destacou o comunicado.<\/p>\n<h2>Preocupa\u00e7\u00e3o<\/h2>\n<p>Os pa\u00edses relataram \u201cpreocupa\u00e7\u00e3o com os conflitos em curso em diversas partes do mundo e com o atual estado de polariza\u00e7\u00e3o e fragmenta\u00e7\u00e3o da ordem internacional\u201d. Os membros do Brics defenderam uma \u201cabordagem multilateral que respeite as diversas perspectivas e posi\u00e7\u00f5es nacionais sobre quest\u00f5es globais cruciais\u201d.<\/p>\n<p>Ainda em rela\u00e7\u00e3o ao multilateralismo, o Brics pede o engajamento contra as mudan\u00e7as clim\u00e1ticas, a amplia\u00e7\u00e3o do financiamento a pa\u00edses pobres para investimentos em infraestrutura e em transi\u00e7\u00e3o energ\u00e9tica. \u201cAfirmamos que a coopera\u00e7\u00e3o dentro e por meio do Brics \u00e9 fundamental para contribuir com o esfor\u00e7o global em dire\u00e7\u00e3o a um futuro sustent\u00e1vel e a transi\u00e7\u00f5es justas e equitativas para todos\u201d, concluiu a declara\u00e7\u00e3o.<\/p>\n<p>O Brics\u00a0\u00e9 um bloco que re\u00fane representantes de 11 pa\u00edses membros permanentes: Brasil, R\u00fassia, \u00cdndia, China, \u00c1frica do Sul, Ir\u00e3, Ar\u00e1bia Saudita, Egito, Eti\u00f3pia, Emirados \u00c1rabes Unidos e Indon\u00e9sia. Tamb\u00e9m participam os pa\u00edses parceiros: Belarus, Bol\u00edvia, Cazaquist\u00e3o, Tail\u00e2ndia, Cuba, Uganda, Mal\u00e1sia, Nig\u00e9ria, Vietn\u00e3 e Uzbequist\u00e3o. Sob a presid\u00eancia do Brasil, a 17\u00aa Reuni\u00e3o de C\u00fapula do Brics ocorre no Rio de Janeiro nos dias 6 e 7 de julho.<\/p>\n<p>Os 11 pa\u00edses representam 39% da economia mundial, 48,5% da popula\u00e7\u00e3o do planeta e 23% do com\u00e9rcio global. Em 2024, pa\u00edses do Brics receberam 36% de tudo que foi exportado pelo Brasil, enquanto n\u00f3s compramos desses pa\u00edses 34% do total do que importamos.<\/p>\n<\/p><\/div>\n","protected":false},"excerpt":{"rendered":"<p>O comunicado final dos pa\u00edses do Brics condenou o uso de medidas como san\u00e7\u00f5es comerciais e eleva\u00e7\u00f5es unilaterais de tarifas como instrumentos pol\u00edticos. O texto, no entanto, n\u00e3o mencionou diretamente&hellip;<\/p>\n","protected":false},"author":715,"featured_media":75002,"comment_status":"open","ping_status":"open","sticky":false,"template":"","format":"standard","meta":{"_lmt_disableupdate":"","_lmt_disable":"","footnotes":""},"categories":[8],"tags":[],"class_list":["post-75001","post","type-post","status-publish","format-standard","has-post-thumbnail","hentry","category-mundo"],"_links":{"self":[{"href":"https:\/\/appservicos.com\/noticias\/wp-json\/wp\/v2\/posts\/75001","targetHints":{"allow":["GET"]}}],"collection":[{"href":"https:\/\/appservicos.com\/noticias\/wp-json\/wp\/v2\/posts"}],"about":[{"href":"https:\/\/appservicos.com\/noticias\/wp-json\/wp\/v2\/types\/post"}],"author":[{"embeddable":true,"href":"https:\/\/appservicos.com\/noticias\/wp-json\/wp\/v2\/users\/715"}],"replies":[{"embeddable":true,"href":"https:\/\/appservicos.com\/noticias\/wp-json\/wp\/v2\/comments?post=75001"}],"version-history":[{"count":0,"href":"https:\/\/appservicos.com\/noticias\/wp-json\/wp\/v2\/posts\/75001\/revisions"}],"wp:featuredmedia":[{"embeddable":true,"href":"https:\/\/appservicos.com\/noticias\/wp-json\/wp\/v2\/media\/75002"}],"wp:attachment":[{"href":"https:\/\/appservicos.com\/noticias\/wp-json\/wp\/v2\/media?parent=75001"}],"wp:term":[{"taxonomy":"category","embeddable":true,"href":"https:\/\/appservicos.com\/noticias\/wp-json\/wp\/v2\/categories?post=75001"},{"taxonomy":"post_tag","embeddable":true,"href":"https:\/\/appservicos.com\/noticias\/wp-json\/wp\/v2\/tags?post=75001"}],"curies":[{"name":"wp","href":"https:\/\/api.w.org\/{rel}","templated":true}]}}