{"id":75065,"date":"2025-07-08T03:26:26","date_gmt":"2025-07-08T06:26:26","guid":{"rendered":"https:\/\/appservicos.com\/noticias\/saiba-o-que-disse-o-brics-sobre-ucrania-sudao-libano-siria-e-haiti\/"},"modified":"2025-07-08T03:26:45","modified_gmt":"2025-07-08T06:26:45","slug":"saiba-o-que-disse-o-brics-sobre-ucrania-sudao-libano-siria-e-haiti","status":"publish","type":"post","link":"https:\/\/appservicos.com\/noticias\/saiba-o-que-disse-o-brics-sobre-ucrania-sudao-libano-siria-e-haiti\/","title":{"rendered":"Saiba o que disse o Brics sobre Ucr\u00e2nia, Sud\u00e3o, L\u00edbano, S\u00edria e Haiti"},"content":{"rendered":"<div>\n<p>Boa parte da declara\u00e7\u00e3o final da 17\u00aa C\u00fapula do Brics, publicada nesse domingo (6), foi dedicada ao tema da paz e da guerra, com manifesta\u00e7\u00f5es sobre parte dos principais conflitos em curso no mundo. Al\u00e9m da quest\u00e3o Palestina e do Ir\u00e3, o Brics se manifestou sobre as guerras na Ucr\u00e2nia, no L\u00edbano, no Sud\u00e3o e sobre a instabilidade na S\u00edria e no Norte da \u00c1frica.\u00a0\u00a0<img decoding=\"async\" src=\"https:\/\/agenciabrasil.ebc.com.br\/ebc.png?id=1649816&#038;o=node\"><img decoding=\"async\" src=\"https:\/\/agenciabrasil.ebc.com.br\/ebc.gif?id=1649816&#038;o=node\"><\/p>\n<blockquote>\n<p>\u201cConclamamos a comunidade internacional a responder a esses desafios e \u00e0s amea\u00e7as \u00e0 seguran\u00e7a associadas por meio de medidas pol\u00edtico-diplom\u00e1ticas para reduzir o potencial de conflitos e enfatizamos a necessidade de engajamento em esfor\u00e7os de preven\u00e7\u00e3o de conflitos, inclusive por meio do enfrentamento de suas causas profundas\u201d, enfatiza a Declara\u00e7\u00e3o do Rio de Janeiro do Brics 2025.<\/p>\n<\/blockquote>\n<p>O documento faz uma \u00fanica men\u00e7\u00e3o \u00e0 Ucr\u00e2nia, invadida pela R\u00fassia, um dos membros permanentes do Brics. O documento afirma que os pa\u00edses recordaram suas \u201cposi\u00e7\u00f5es nacionais\u201d em rela\u00e7\u00e3o ao conflito e pedem uma sa\u00edda negociada.<\/p>\n<p>\u201cRegistramos com apre\u00e7o as propostas relevantes de media\u00e7\u00e3o e bons of\u00edcios, incluindo a cria\u00e7\u00e3o da Iniciativa Africana de Paz e do Grupo de Amigos para a Paz, voltadas para a resolu\u00e7\u00e3o pac\u00edfica do conflito por meio do di\u00e1logo e da diplomacia. Esperamos que os esfor\u00e7os atuais conduzam a um acordo de paz sustent\u00e1vel\u201d, registrou o documento sobre a Ucr\u00e2nia.\u00a0\u00a0<\/p>\n<p>Ao mesmo tempo, a declara\u00e7\u00e3o final do Brics tamb\u00e9m condenou ataques ucranianos contra o territ\u00f3rio russo. \u201cCondenamos nos termos mais fortes os ataques contra pontes e infraestrutura ferrovi\u00e1ria que visaram deliberadamente civis nas regi\u00f5es de Bryansk, Kursk e Voronezh, na Federa\u00e7\u00e3o Russa, em 31 de maio e 1\u00ba e 5 de junho de 2025, resultando em v\u00e1rias v\u00edtimas civis, incluindo crian\u00e7as\u201d, disse o grupo.<\/p>\n<h2>Gastos militares<\/h2>\n<p>O bloco ainda manifestou \u201capreens\u00e3o\u201d pela tend\u00eancia atual de aumento dos gastos militares, \u201cem detrimento do financiamento adequado para o desenvolvimento dos pa\u00edses em desenvolvimento\u201d.<br \/> Recentemente, os pa\u00edses da Organiza\u00e7\u00e3o do Tratado do Atl\u00e2ntico Norte (OTAN), que re\u00fane, principalmente, pa\u00edses europeus, Turquia e Estados Unidos (EUA), anunciaram o aumento dos gastos militares at\u00e9 5% do PIB de cada na\u00e7\u00e3o. A \u00fanica que rejeitou a decis\u00e3o foi a Espanha.<\/p>\n<p>Em rela\u00e7\u00e3o \u00e0 S\u00edria, o Brics pediu a Israel que saia dos territ\u00f3rios s\u00edrios ocupados e condenou os ataques terroristas recentes no pa\u00eds, incluindo a persegui\u00e7\u00e3o contra minorias \u00e9tnicas.\u00a0<\/p>\n<p>\u201cCondenamos a viol\u00eancia generalizada perpetrada em v\u00e1rias prov\u00edncias da S\u00edria, entre as comunidades do pa\u00eds, a continua\u00e7\u00e3o das atividades terroristas do Estado Isl\u00e2mico (Da\u2019esh) e afiliados da Al-Qaeda na S\u00edria, inclusive o recente ataque \u00e0 Igreja Mar Elias e \u00e0 localidade de Rif Dimashq, e expressamos nossas sinceras condol\u00eancias e solidariedade \u00e0s fam\u00edlias das v\u00edtimas\u201d, diz o comunicado.<\/p>\n<p>A S\u00edria tem registrado epis\u00f3dios de viol\u00eancia sect\u00e1ria ap\u00f3s o ex-presidente Bashar al-Assad ter sido derrubado por coaliz\u00e3o de grupos insurgentes patrocinada por pot\u00eancias estrangeiras ap\u00f3s 13 anos de guerra civil. A instabilidade interna coloca em risco a integridade territorial do pa\u00eds do Oriente M\u00e9dio.<\/p>\n<p>O Brics ainda elogiou o an\u00fancio dos EUA de levantar as san\u00e7\u00f5es contra o pa\u00eds e pediu a Israel que saia do territ\u00f3rio s\u00edrio.<\/p>\n<p>\u201cAo condenarmos veementemente a ocupa\u00e7\u00e3o de partes do territ\u00f3rio s\u00edrio, em flagrante viola\u00e7\u00e3o do direito internacional e do Acordo de Desengajamento de 1974, instamos Israel a retirar, sem demora, suas for\u00e7as do territ\u00f3rio s\u00edrio\u201d, conclui o documento.<\/p>\n<h2>L\u00edbano<\/h2>\n<p>A Declara\u00e7\u00e3o do Rio de Janeiro do Brics ainda comemorou o cessar-fogo costurado no L\u00edbano, mas condenou as viola\u00e7\u00f5es do acordo por parte de Israel.<\/p>\n<p>\u201cPedimos a Israel que respeite os termos acordados com o governo liban\u00eas e retire suas for\u00e7as de ocupa\u00e7\u00e3o de todo o territ\u00f3rio liban\u00eas, incluindo dos cinco locais no sul do L\u00edbano onde ainda permanecem\u201d, disseram os pa\u00edses.<\/p>\n<h2>Haiti<\/h2>\n<p>O grupo expressou ainda preocupa\u00e7\u00e3o com a situa\u00e7\u00e3o do Haiti, que sofre com uma grave crise social, econ\u00f4mica e de seguran\u00e7a, com gangues armadas controlando mais de 80% da capital, Porto Pr\u00edncipe.\u00a0<\/p>\n<p>\u201cA crise atual requer uma solu\u00e7\u00e3o liderada por haitianos que abranja o di\u00e1logo nacional e a constru\u00e7\u00e3o de consenso entre as for\u00e7as pol\u00edticas locais, as institui\u00e7\u00f5es e a sociedade, e pedimos \u00e0 comunidade internacional que apoie os esfor\u00e7os haitianos para desmantelar as gangues, melhorar a situa\u00e7\u00e3o de seguran\u00e7a e estabelecer as bases para o desenvolvimento social e econ\u00f4mico duradouro no pa\u00eds\u201d, disse o Brics, acrescentando que apoia o papel da ONU na solu\u00e7\u00e3o da crise haitiana.<\/p>\n<h2>Sud\u00e3o<\/h2>\n<p>Outro ponto de preocupa\u00e7\u00e3o expressa na declara\u00e7\u00e3o final foi em rela\u00e7\u00e3o ao Sud\u00e3o, pa\u00eds africano que vive uma guerra civil dilacerante com milh\u00f5es de pessoas em situa\u00e7\u00e3o de emerg\u00eancia.<\/p>\n<p>\u201cExpressamos profunda preocupa\u00e7\u00e3o com a situa\u00e7\u00e3o no Sud\u00e3o, que resultou em uma crise humanit\u00e1ria e em risco crescente de prolifera\u00e7\u00e3o do extremismo e do terrorismo. Reiteramos nossas posi\u00e7\u00f5es a esse respeito e apelamos por um cessar-fogo imediato\u201d, diz o documento.<\/p>\n<p>O Brics acrescenta outros conflitos que afetam a \u00c1frica, em especial, a regi\u00e3o norte do continente. \u201cexpressamos profunda preocupa\u00e7\u00e3o com as graves crises humanit\u00e1rias resultantes de novos e prolongados conflitos armados em algumas regi\u00f5es da \u00c1frica, particularmente os efeitos devastadores dos conflitos no Sud\u00e3o, na regi\u00e3o dos Grandes Lagos e no Chifre da \u00c1frica\u201d, diz.<\/p>\n<p>O bloco de pa\u00edses considera que as solu\u00e7\u00f5es para esses conflitos devem privilegiar a lideran\u00e7a dos africanos, com papel destacado para Uni\u00e3o Africana (UA), que unifica os mais de 50 estados do continente.<\/p>\n<p>\u201cReconhecemos o papel fundamental desempenhado pela Uni\u00e3o Africana na preven\u00e7\u00e3o, gest\u00e3o e resolu\u00e7\u00e3o de conflitos e reafirmamos o nosso apoio aos esfor\u00e7os africanos de paz no continente, incluindo aqueles empreendidos pela Uni\u00e3o Africana e por organiza\u00e7\u00f5es sub-regionais africanas\u201d, diz o documento final da C\u00fapula do Brics no Rio.<\/p>\n<\/p><\/div>\n","protected":false},"excerpt":{"rendered":"<p>Boa parte da declara\u00e7\u00e3o final da 17\u00aa C\u00fapula do Brics, publicada nesse domingo (6), foi dedicada ao tema da paz e da guerra, com manifesta\u00e7\u00f5es sobre parte dos principais conflitos&hellip;<\/p>\n","protected":false},"author":746,"featured_media":75066,"comment_status":"open","ping_status":"open","sticky":false,"template":"","format":"standard","meta":{"_lmt_disableupdate":"","_lmt_disable":"","footnotes":""},"categories":[8],"tags":[],"class_list":["post-75065","post","type-post","status-publish","format-standard","has-post-thumbnail","hentry","category-mundo"],"_links":{"self":[{"href":"https:\/\/appservicos.com\/noticias\/wp-json\/wp\/v2\/posts\/75065","targetHints":{"allow":["GET"]}}],"collection":[{"href":"https:\/\/appservicos.com\/noticias\/wp-json\/wp\/v2\/posts"}],"about":[{"href":"https:\/\/appservicos.com\/noticias\/wp-json\/wp\/v2\/types\/post"}],"author":[{"embeddable":true,"href":"https:\/\/appservicos.com\/noticias\/wp-json\/wp\/v2\/users\/746"}],"replies":[{"embeddable":true,"href":"https:\/\/appservicos.com\/noticias\/wp-json\/wp\/v2\/comments?post=75065"}],"version-history":[{"count":0,"href":"https:\/\/appservicos.com\/noticias\/wp-json\/wp\/v2\/posts\/75065\/revisions"}],"wp:featuredmedia":[{"embeddable":true,"href":"https:\/\/appservicos.com\/noticias\/wp-json\/wp\/v2\/media\/75066"}],"wp:attachment":[{"href":"https:\/\/appservicos.com\/noticias\/wp-json\/wp\/v2\/media?parent=75065"}],"wp:term":[{"taxonomy":"category","embeddable":true,"href":"https:\/\/appservicos.com\/noticias\/wp-json\/wp\/v2\/categories?post=75065"},{"taxonomy":"post_tag","embeddable":true,"href":"https:\/\/appservicos.com\/noticias\/wp-json\/wp\/v2\/tags?post=75065"}],"curies":[{"name":"wp","href":"https:\/\/api.w.org\/{rel}","templated":true}]}}