{"id":75589,"date":"2025-07-18T11:07:18","date_gmt":"2025-07-18T14:07:18","guid":{"rendered":"https:\/\/appservicos.com\/noticias\/festival-de-cinema-de-vitoria-exibe-90-filmes-de-graca\/"},"modified":"2025-07-18T11:07:18","modified_gmt":"2025-07-18T14:07:18","slug":"festival-de-cinema-de-vitoria-exibe-90-filmes-de-graca","status":"publish","type":"post","link":"https:\/\/appservicos.com\/noticias\/festival-de-cinema-de-vitoria-exibe-90-filmes-de-graca\/","title":{"rendered":"Festival de Cinema de Vit\u00f3ria exibe 90 filmes de gra\u00e7a"},"content":{"rendered":"<div>\n<p>A capital do Esp\u00edrito Santo vai sediar o maior evento de\u00a0cinema\u00a0e audiovisual do estado. Come\u00e7a neste s\u00e1bado a 32\u00aa edi\u00e7\u00e3o do Festival de\u00a0Cinema\u00a0de Vit\u00f3ria,\u00a0com exibi\u00e7\u00e3o gratuita de 90 filmes, sendo 85 curtas e cinco longas-metragens. \u00a0Vinte e oito produ\u00e7\u00f5es s\u00e3o do pr\u00f3prio estado.<img decoding=\"async\" src=\"https:\/\/agenciabrasil.ebc.com.br\/ebc.png?id=1651223&#038;o=node\"><img decoding=\"async\" src=\"https:\/\/agenciabrasil.ebc.com.br\/ebc.gif?id=1651223&#038;o=node\"><\/p>\n<p>Ao todo, o evento, que vai at\u00e9 a quinta-feira, dia 24, conta com 11 mostras competitivas, abordando diferentes tem\u00e1ticas, como mulheres no\u00a0cinema,\u00a0cinema\u00a0e negritude e\u00a0cinema\u00a0ambiental.<\/p>\n<p>A participa\u00e7\u00e3o no evento foi disputada, com mais de 1300 obras inscritas, em diferentes g\u00eaneros, como document\u00e1rios, obras experimentais e anima\u00e7\u00f5es.\u00a0<\/p>\n<p>Larissa Delbone, produtora executiva do festival, explica como foi a sele\u00e7\u00e3o dos filmes.<\/p>\n<p>\u201cOs filmes s\u00e3o escolhidos pela comiss\u00e3o de sele\u00e7\u00e3o, que \u00e9 formada por profissionais que t\u00eam estrita rela\u00e7\u00e3o com o audiovisual, como cineastas, produtores, cr\u00edticos, pesquisadores do audiovisual, que escolhem as produ\u00e7\u00f5es da safra 2024 e 2025. A sele\u00e7\u00e3o dos filmes \u00e9 plural;\u00a0 [os filmes] abordam uma diversidade de temas que dialogam com assuntos contempor\u00e2neos, como meio ambiente, quest\u00f5es femininas, entre outros assuntos\u201d.<\/p>\n<p>Todas as produ\u00e7\u00f5es concorrem ao\u00a0Trof\u00e9u Vit\u00f3ria, s\u00edmbolo do evento. A escolha dos vencedores \u00e9 feita por\u00a0 especialistas e pelo p\u00fablico, como explica a produtora Larissa Delbone.<\/p>\n<p>\u201cOs filmes vencedores s\u00e3o escolhidos pelo j\u00fari t\u00e9cnico do festival de\u00a0cinema\u00a0de Vit\u00f3ria, composto por especialistas profissionais ligados ao audiovisual brasileiro. O p\u00fablico tamb\u00e9m participa, e ao final de cada sess\u00e3o escolhe seu filme preferido\u201d.<\/p>\n<p>O Festival vai homenagear duas personalidades da cultura brasileira.\u00a0\u00a0Larissa destaca que os escolhidos \u00a0s\u00e3o artistas com trajet\u00f3rias expressivas.<\/p>\n<p>\u201cOs homenageados do festival de\u00a0cinema\u00a0de Vit\u00f3ria s\u00e3o escolhidos pela contribui\u00e7\u00e3o art\u00edstica \u00e0 cultura brasileira. Os homenageados da trig\u00e9sima segunda edi\u00e7\u00e3o do Festival de\u00a0Cinema\u00a0de Vit\u00f3ria s\u00e3o Ney Matogrosso, um dos artistas mais importantes da cultura brasileira e com uma atua\u00e7\u00e3o m\u00faltipla no campo das artes, brilhando como cantor, iluminador, diretor de teatro e shows, e tamb\u00e9m como ator de filmes de grandes diretores. Nossa outra homenageada \u00e9 a atriz, produtora e diretora Ver\u00f4nica Gomes, uma das figuras mais emblem\u00e1ticas da produ\u00e7\u00e3o cultural do Esp\u00edrito Santo\u201d.<\/p>\n<p>Al\u00e9m das exibi\u00e7\u00f5es, o festival ainda conta com sess\u00f5es especiais e debates. Tudo acontece no Sesc Gl\u00f3ria, localizado no centro da cidade. Todas as atra\u00e7\u00f5es s\u00e3o gratuitas!<\/p>\n<\/p><\/div>\n","protected":false},"excerpt":{"rendered":"<p>A capital do Esp\u00edrito Santo vai sediar o maior evento de\u00a0cinema\u00a0e audiovisual do estado. Come\u00e7a neste s\u00e1bado a 32\u00aa edi\u00e7\u00e3o do Festival de\u00a0Cinema\u00a0de Vit\u00f3ria,\u00a0com exibi\u00e7\u00e3o gratuita de 90 filmes, sendo&hellip;<\/p>\n","protected":false},"author":849,"featured_media":75590,"comment_status":"open","ping_status":"open","sticky":false,"template":"","format":"standard","meta":{"_lmt_disableupdate":"","_lmt_disable":"","footnotes":""},"categories":[23],"tags":[],"class_list":["post-75589","post","type-post","status-publish","format-standard","has-post-thumbnail","hentry","category-famosos-tv"],"_links":{"self":[{"href":"https:\/\/appservicos.com\/noticias\/wp-json\/wp\/v2\/posts\/75589","targetHints":{"allow":["GET"]}}],"collection":[{"href":"https:\/\/appservicos.com\/noticias\/wp-json\/wp\/v2\/posts"}],"about":[{"href":"https:\/\/appservicos.com\/noticias\/wp-json\/wp\/v2\/types\/post"}],"author":[{"embeddable":true,"href":"https:\/\/appservicos.com\/noticias\/wp-json\/wp\/v2\/users\/849"}],"replies":[{"embeddable":true,"href":"https:\/\/appservicos.com\/noticias\/wp-json\/wp\/v2\/comments?post=75589"}],"version-history":[{"count":0,"href":"https:\/\/appservicos.com\/noticias\/wp-json\/wp\/v2\/posts\/75589\/revisions"}],"wp:featuredmedia":[{"embeddable":true,"href":"https:\/\/appservicos.com\/noticias\/wp-json\/wp\/v2\/media\/75590"}],"wp:attachment":[{"href":"https:\/\/appservicos.com\/noticias\/wp-json\/wp\/v2\/media?parent=75589"}],"wp:term":[{"taxonomy":"category","embeddable":true,"href":"https:\/\/appservicos.com\/noticias\/wp-json\/wp\/v2\/categories?post=75589"},{"taxonomy":"post_tag","embeddable":true,"href":"https:\/\/appservicos.com\/noticias\/wp-json\/wp\/v2\/tags?post=75589"}],"curies":[{"name":"wp","href":"https:\/\/api.w.org\/{rel}","templated":true}]}}