{"id":82409,"date":"2026-08-29T06:28:27","date_gmt":"2026-08-29T09:28:27","guid":{"rendered":"https:\/\/appservicos.com\/noticias\/programa-espaco-arte-celebra-50-anos-da-nacional-fm-brasilia\/"},"modified":"2026-08-29T06:28:32","modified_gmt":"2026-08-29T09:28:32","slug":"programa-espaco-arte-celebra-50-anos-da-nacional-fm-brasilia","status":"publish","type":"post","link":"https:\/\/appservicos.com\/noticias\/programa-espaco-arte-celebra-50-anos-da-nacional-fm-brasilia\/","title":{"rendered":"Programa Espa\u00e7o Arte celebra 50 anos da Nacional FM Bras\u00edlia"},"content":{"rendered":"<div>\n<p><strong>Em comemora\u00e7\u00e3o aos 50 anos da R\u00e1dio Nacional FM de Bras\u00edlia, o <em>Espa\u00e7o Arte <\/em>desta sexta-feira (28) vai ao ar a partir das 13h com uma programa\u00e7\u00e3o especial. A edi\u00e7\u00e3o re\u00fane artistas de diferentes gera\u00e7\u00f5es que marcam o meio s\u00e9culo de hist\u00f3ria da emissora p\u00fablica e da cultura brasiliense.\u00a0<\/strong><img decoding=\"async\" src=\"https:\/\/agenciabrasil.ebc.com.br\/ebc.png?id=1700830&#038;o=node\"><img decoding=\"async\" src=\"https:\/\/agenciabrasil.ebc.com.br\/ebc.gif?id=1700830&#038;o=node\"><\/p>\n<p>Sob o comando de Marcelo Ferreira e M\u00e1rio Sartorello, o bate-papo conta com a presen\u00e7a do pianista, arranjador e compositor Renato Vasconcellos; o multi-instrumentista, poeta e artista pl\u00e1stico Renato Mattos; e as cantoras e compositoras Fernanda Jacob e Ane \u00caoketu, representantes da nova gera\u00e7\u00e3o do samba de Bras\u00edlia.\u00a0<\/p>\n<p>Al\u00e9m disso, o\u00a0<em>Tarde Nacional<\/em> da Nacional FM Bras\u00edlia, que vai ao ar das 15 horas at\u00e9 as 18 horas, ter\u00e1 conte\u00fado especial. Ser\u00e3o veiculadas mensagens de artistas parabenizando a r\u00e1dio pelos seus 50 anos.\u00a0<\/p>\n<h2>Sobre o programa \u00a0\u00a0<\/h2>\n<p>Criado em 2004 na R\u00e1dio Nacional AM Bras\u00edlia, o programa <em>Espa\u00e7o Arte <\/em>consolidou-se como vitrine para artistas e iniciativas culturais do Distrito Federal. Em 2016, passou a ser transmitido tamb\u00e9m pela Nacional FM, fortalecendo seu compromisso com a valoriza\u00e7\u00e3o da cultura local. Ao longo de duas d\u00e9cadas, contou com nomes como Heleninha Bortoni e Giovanni Motta. Atualmente, o programa \u00e9 apresentado por Marcelo Ferreira, com produ\u00e7\u00e3o de Denise Oliveira e traz entrevistas culturais di\u00e1rias, coberturas de eventos e apoio \u00e0 cadeia produtiva das artes do DF. \u00a0 \u00a0<\/p>\n<h2>R\u00e1dio Nacional \u00a0\u00a0<\/h2>\n<p>A marca faz parte da hist\u00f3ria do pa\u00eds e conta, atualmente, com oito emissoras pr\u00f3prias, em diferentes regi\u00f5es do Brasil: <strong>R\u00e1dio Nacional do Rio de Janeiro<\/strong>, <strong>R\u00e1dio Nacional de S\u00e3o Paulo<\/strong>, <strong>R\u00e1dio Nacional de Bras\u00edlia AM<\/strong> e <strong>FM<\/strong>, <strong>R\u00e1dio Nacional de Recife<\/strong>, <strong>R\u00e1dio Nacional de S\u00e3o Lu\u00eds<\/strong>, <strong>R\u00e1dio Nacional da Amaz\u00f4nia<\/strong> e <strong>R\u00e1dio Nacional do Alto Solim\u00f5es<\/strong>. \u00a0\u00a0<\/p>\n<h2>R\u00e1dio Nacional na internet e nas redes sociais\u00a0\u00a0\u00a0\u00a0\u00a0 \u00a0<\/h2>\n<p>Site:\u00a0https:\/\/radionacional.ebc.com.br\u00a0\u00a0\u00a0\u00a0 \u00a0<br \/> Instagram:\u00a0https:\/\/www.instagram.com\/radionacionalbr\u00a0\u00a0\u00a0\u00a0\u00a0 \u00a0<br \/> Spotify:\u00a0https:\/\/open.spotify.com\/user\/vpj3k8ogjwf1nkv4nap3tlruv\u00a0\u00a0\u00a0\u00a0\u00a0 \u00a0<br \/> YouTube:\u00a0http:\/\/youtube.com\/radionacionalbr\u00a0\u00a0\u00a0\u00a0\u00a0 \u00a0<br \/> Facebook:\u00a0https:\/\/www.facebook.com\/radionacionalbr\u00a0\u00a0\u00a0\u00a0\u00a0 \u00a0<br \/> X:\u00a0https:\/\/x.com\/radionacionalbr\u00a0\u00a0\u00a0\u00a0\u00a0 \u00a0<br \/> Streaming:\u00a0https:\/\/aovivo.ebc.com.br\/embed-audio.html?emissora=radio-nacional-do-rio-de-janeiro\u00a0\u00a0\u00a0\u00a0\u00a0 \u00a0<\/p>\n<h2>WhatsApp Nacional\u00a0\u00a0\u00a0\u00a0\u00a0 \u00a0<\/h2>\n<ul>\n<li><strong>R\u00e1dio Nacional FM<\/strong>: (61) 99989-1201\u00a0\u00a0\u00a0\u00a0\u00a0 \u00a0<\/li>\n<li><strong>R\u00e1dio Nacional AM<\/strong>: (61) 99674-1536\u00a0\u00a0\u00a0\u00a0\u00a0 \u00a0<\/li>\n<li><strong>R\u00e1dio Nacional da Amaz\u00f4nia<\/strong>: (61) 99674-1568\u00a0\u00a0\u00a0\u00a0\u00a0 \u00a0<\/li>\n<li><strong>R\u00e1dio Nacional do Rio de Janeiro<\/strong>: (21) 97119-9966\u00a0\u00a0\u00a0\u00a0\u00a0 \u00a0<\/li>\n<\/ul>\n<h2>Saiba como sintonizar a R\u00e1dio Nacional\u00a0\u00a0\u00a0\u00a0\u00a0 \u00a0<\/h2>\n<ul>\n<li>Bras\u00edlia: FM 96,1 MHz e AM 980\u00a0Khz\u00a0\u00a0\u00a0\u00a0\u00a0 \u00a0<\/li>\n<li>Rio de Janeiro: FM 87,1 MHz e AM 1130 kHz\u00a0\u00a0\u00a0\u00a0\u00a0 \u00a0<\/li>\n<li>S\u00e3o Paulo: FM 87,1 MHz\u00a0\u00a0\u00a0\u00a0\u00a0 \u00a0<\/li>\n<li>Recife: FM 87,1 MHz\u00a0\u00a0\u00a0\u00a0\u00a0 \u00a0<\/li>\n<li>S\u00e3o Lu\u00eds: FM 93,7 MHz\u00a0\u00a0\u00a0\u00a0\u00a0 \u00a0<\/li>\n<li>Amaz\u00f4nia: 11.780KHz e 6.180KHz OC\u00a0\u00a0\u00a0\u00a0\u00a0 \u00a0<\/li>\n<li>Alto Solim\u00f5es: FM 96,1 MHz\u00a0\u00a0\u00a0\u00a0\u00a0 \u00a0<\/li>\n<\/ul><\/div>\n","protected":false},"excerpt":{"rendered":"<p>Em comemora\u00e7\u00e3o aos 50 anos da R\u00e1dio Nacional FM de Bras\u00edlia, o Espa\u00e7o Arte desta sexta-feira (28) vai ao ar a partir das 13h com uma programa\u00e7\u00e3o especial. A edi\u00e7\u00e3o&hellip;<\/p>\n","protected":false},"author":687,"featured_media":82410,"comment_status":"open","ping_status":"open","sticky":false,"template":"","format":"standard","meta":{"_lmt_disableupdate":"","_lmt_disable":"","footnotes":""},"categories":[6],"tags":[],"class_list":["post-82409","post","type-post","status-publish","format-standard","has-post-thumbnail","hentry","category-regiao"],"_links":{"self":[{"href":"https:\/\/appservicos.com\/noticias\/wp-json\/wp\/v2\/posts\/82409","targetHints":{"allow":["GET"]}}],"collection":[{"href":"https:\/\/appservicos.com\/noticias\/wp-json\/wp\/v2\/posts"}],"about":[{"href":"https:\/\/appservicos.com\/noticias\/wp-json\/wp\/v2\/types\/post"}],"author":[{"embeddable":true,"href":"https:\/\/appservicos.com\/noticias\/wp-json\/wp\/v2\/users\/687"}],"replies":[{"embeddable":true,"href":"https:\/\/appservicos.com\/noticias\/wp-json\/wp\/v2\/comments?post=82409"}],"version-history":[{"count":0,"href":"https:\/\/appservicos.com\/noticias\/wp-json\/wp\/v2\/posts\/82409\/revisions"}],"wp:featuredmedia":[{"embeddable":true,"href":"https:\/\/appservicos.com\/noticias\/wp-json\/wp\/v2\/media\/82410"}],"wp:attachment":[{"href":"https:\/\/appservicos.com\/noticias\/wp-json\/wp\/v2\/media?parent=82409"}],"wp:term":[{"taxonomy":"category","embeddable":true,"href":"https:\/\/appservicos.com\/noticias\/wp-json\/wp\/v2\/categories?post=82409"},{"taxonomy":"post_tag","embeddable":true,"href":"https:\/\/appservicos.com\/noticias\/wp-json\/wp\/v2\/tags?post=82409"}],"curies":[{"name":"wp","href":"https:\/\/api.w.org\/{rel}","templated":true}]}}