{"id":82481,"date":"2026-08-31T08:36:50","date_gmt":"2026-08-31T11:36:50","guid":{"rendered":"https:\/\/appservicos.com\/noticias\/defesa-civil-reconhece-situacao-de-emergencia-em-seis-cidades-do-sul\/"},"modified":"2026-08-31T08:36:52","modified_gmt":"2026-08-31T11:36:52","slug":"defesa-civil-reconhece-situacao-de-emergencia-em-seis-cidades-do-sul","status":"publish","type":"post","link":"https:\/\/appservicos.com\/noticias\/defesa-civil-reconhece-situacao-de-emergencia-em-seis-cidades-do-sul\/","title":{"rendered":"Defesa Civil reconhece situa\u00e7\u00e3o de emerg\u00eancia em seis cidades do Sul"},"content":{"rendered":"<div>\n<p><strong>A Secretaria Nacional de Prote\u00e7\u00e3o e Defesa Civil reconheceu situa\u00e7\u00e3o de emerg\u00eancia em seis munic\u00edpios da Regi\u00e3o Sul atingidos por granizo e chuvas intensas nos meses de julho e agosto.\u00a0<\/strong><\/p>\n<p>A Portaria n\u00ba 2.808, publicada no <em>Di\u00e1rio Oficial da Uni\u00e3o<\/em>, cita os estados e as cidades de:<\/p>\n<ul>\n<li><strong>Paran\u00e1<\/strong><br \/> \tMarquinho;<br \/> \t\u00a0<\/li>\n<li><strong>Rio Grande do Sul<\/strong><br \/> \tBom Retiro do Sul, Caseiros, Jari e Rolante;\u00a0<br \/> \t\u00a0<\/li>\n<li><strong>Santa Catarina<\/strong><br \/> \tBocaina do Sul.<\/li>\n<\/ul>\n<p>De acordo com a portaria, os munic\u00edpios de Marquinho e Caseiros registraram danos provocados por granizo. Bom Retiro do Sul, Jari, Rolante e Bocaina do Sul foram atingidos por epis\u00f3dios de chuvas intensas.<\/p>\n<h2>Ajuda federal<\/h2>\n<p><strong>Cidades com o reconhecimento federal de situa\u00e7\u00e3o de emerg\u00eancia podem solicitar ao Minist\u00e9rio da Integra\u00e7\u00e3o e do Desenvolvimento Regional recursos para a\u00e7\u00f5es de defesa civil.\u00a0<\/strong><\/p>\n<p>O pedido deve ser feito por meio do Sistema Integrado de Informa\u00e7\u00f5es sobre Desastres (S2iD).\u00a0<\/p>\n<p>Com base nas informa\u00e7\u00f5es enviadas nos planos de trabalho, a equipe t\u00e9cnica da Defesa Civil Nacional avalia as metas e os valores solicitados.<\/p>\n<p>Entre as iniciativas que podem receber recursos est\u00e3o assist\u00eancia humanit\u00e1ria \u00e0 popula\u00e7\u00e3o afetada, aquisi\u00e7\u00e3o de cestas b\u00e1sicas, distribui\u00e7\u00e3o de \u00e1gua pot\u00e1vel, fornecimento de kits de higiene e limpeza, al\u00e9m da execu\u00e7\u00e3o de trabalhos emergenciais para restabelecimento de servi\u00e7os essenciais.<\/p>\n<\/p><\/div>\n","protected":false},"excerpt":{"rendered":"<p>A Secretaria Nacional de Prote\u00e7\u00e3o e Defesa Civil reconheceu situa\u00e7\u00e3o de emerg\u00eancia em seis munic\u00edpios da Regi\u00e3o Sul atingidos por granizo e chuvas intensas nos meses de julho e agosto.\u00a0&hellip;<\/p>\n","protected":false},"author":134,"featured_media":82482,"comment_status":"closed","ping_status":"closed","sticky":false,"template":"","format":"standard","meta":{"_lmt_disableupdate":"","_lmt_disable":"","footnotes":""},"categories":[2],"tags":[],"class_list":["post-82481","post","type-post","status-publish","format-standard","has-post-thumbnail","hentry","category-brasil"],"_links":{"self":[{"href":"https:\/\/appservicos.com\/noticias\/wp-json\/wp\/v2\/posts\/82481","targetHints":{"allow":["GET"]}}],"collection":[{"href":"https:\/\/appservicos.com\/noticias\/wp-json\/wp\/v2\/posts"}],"about":[{"href":"https:\/\/appservicos.com\/noticias\/wp-json\/wp\/v2\/types\/post"}],"author":[{"embeddable":true,"href":"https:\/\/appservicos.com\/noticias\/wp-json\/wp\/v2\/users\/134"}],"replies":[{"embeddable":true,"href":"https:\/\/appservicos.com\/noticias\/wp-json\/wp\/v2\/comments?post=82481"}],"version-history":[{"count":0,"href":"https:\/\/appservicos.com\/noticias\/wp-json\/wp\/v2\/posts\/82481\/revisions"}],"wp:featuredmedia":[{"embeddable":true,"href":"https:\/\/appservicos.com\/noticias\/wp-json\/wp\/v2\/media\/82482"}],"wp:attachment":[{"href":"https:\/\/appservicos.com\/noticias\/wp-json\/wp\/v2\/media?parent=82481"}],"wp:term":[{"taxonomy":"category","embeddable":true,"href":"https:\/\/appservicos.com\/noticias\/wp-json\/wp\/v2\/categories?post=82481"},{"taxonomy":"post_tag","embeddable":true,"href":"https:\/\/appservicos.com\/noticias\/wp-json\/wp\/v2\/tags?post=82481"}],"curies":[{"name":"wp","href":"https:\/\/api.w.org\/{rel}","templated":true}]}}