{"id":82491,"date":"2026-08-31T08:36:58","date_gmt":"2026-08-31T11:36:58","guid":{"rendered":"https:\/\/appservicos.com\/noticias\/grupo-de-20-pessoas-fica-a-deriva-no-rio-e-e-resgatado-pelos-bombeiros\/"},"modified":"2026-08-31T08:36:59","modified_gmt":"2026-08-31T11:36:59","slug":"grupo-de-20-pessoas-fica-a-deriva-no-rio-e-e-resgatado-pelos-bombeiros","status":"publish","type":"post","link":"https:\/\/appservicos.com\/noticias\/grupo-de-20-pessoas-fica-a-deriva-no-rio-e-e-resgatado-pelos-bombeiros\/","title":{"rendered":"Grupo de 20 pessoas fica \u00e0 deriva no Rio e \u00e9 resgatado pelos bombeiros"},"content":{"rendered":"<div>\n<div>\n<p><strong>Um grupo de 20 pessoas, entre 20 e 67 anos, ficou \u00e0\u00a0deriva no mar no Rio de Janeiro, na regi\u00e3o da Barra da Tijuca, neste domingo (30) ap\u00f3s mudan\u00e7a do vento. O grupo j\u00e1 foi resgatado por equipes de bombeiros.<\/strong><\/p>\n<p><strong>De acordo com a corpora\u00e7\u00e3o, algumas estavam em cinco pranchas de stand up paddle e outras estavam a nado. O destino eram as Ilhas Tijucas. Na travessia, o grupo foi levado pelo vento para longe da rota prevista em dire\u00e7\u00e3o a S\u00e3o Conrado, bairro vizinho \u00e0 Barra, o que dificultou o retorno \u00e0 praia. <\/strong><img decoding=\"async\" src=\"https:\/\/agenciabrasil.ebc.com.br\/ebc.png?id=1701049&#038;o=node\"><img decoding=\"async\" src=\"https:\/\/agenciabrasil.ebc.com.br\/ebc.gif?id=1701049&#038;o=node\"><\/p>\n<\/div>\n<p>\u201cAs pessoas j\u00e1 estavam a uma dist\u00e2ncia consider\u00e1vel da faixa de areia quando um dos participantes acionou o Corpo de Bombeiros pelo telefone 193\u201d. Os bombeiros foram acionados e resgataram o grupo em jet skis.\u00a0<\/p>\n<p>Conforme a nota dos bombeiros, o grupo passou por avalia\u00e7\u00f5es m\u00e9dicas e estava\u00a0em boas condi\u00e7\u00f5es, sem necessidade de encaminhamento para unidade hospitalar.\u00a0<\/p>\n<h2>Previs\u00e3o do tempo<\/h2>\n<p>Segundo o sistema Alerta Rio da Prefeitura, a\u00a0cidade teve registro de ventos fortes no in\u00edcio da manh\u00e3 de hoje na esta\u00e7\u00e3o Forte de Copacabana, na zona sul, e de ventos moderados nas esta\u00e7\u00f5es da Marambaia e na Vila Militar, na zona oeste.<\/p>\n<p>Nesta segunda-feira (31), a previs\u00e3o \u00e9 de nebulosidade variada na capital do Rio e sem chuva, mas entre ter\u00e7a (1\u00b0) e quarta-feira (2), a passagem de uma frente fria vai modificar as condi\u00e7\u00f5es do tempo.<\/p>\n<p>\u201cO c\u00e9u estar\u00e1 predominantemente nublado e\u00a0h\u00e1 previs\u00e3o de pancadas de chuva moderada\/forte acompanhadas de raios entre a tarde de ter\u00e7a-feira e a madrugada de quarta-feira, passando a chuva fraca a moderada isolada a partir do per\u00edodo da manh\u00e3 de quarta\u201d, informou, destacando que as temperaturas v\u00e3o baixar.<\/p>\n<\/p><\/div>\n","protected":false},"excerpt":{"rendered":"<p>Um grupo de 20 pessoas, entre 20 e 67 anos, ficou \u00e0\u00a0deriva no mar no Rio de Janeiro, na regi\u00e3o da Barra da Tijuca, neste domingo (30) ap\u00f3s mudan\u00e7a do&hellip;<\/p>\n","protected":false},"author":760,"featured_media":82492,"comment_status":"open","ping_status":"open","sticky":false,"template":"","format":"standard","meta":{"_lmt_disableupdate":"","_lmt_disable":"","footnotes":""},"categories":[6],"tags":[],"class_list":["post-82491","post","type-post","status-publish","format-standard","has-post-thumbnail","hentry","category-regiao"],"_links":{"self":[{"href":"https:\/\/appservicos.com\/noticias\/wp-json\/wp\/v2\/posts\/82491","targetHints":{"allow":["GET"]}}],"collection":[{"href":"https:\/\/appservicos.com\/noticias\/wp-json\/wp\/v2\/posts"}],"about":[{"href":"https:\/\/appservicos.com\/noticias\/wp-json\/wp\/v2\/types\/post"}],"author":[{"embeddable":true,"href":"https:\/\/appservicos.com\/noticias\/wp-json\/wp\/v2\/users\/760"}],"replies":[{"embeddable":true,"href":"https:\/\/appservicos.com\/noticias\/wp-json\/wp\/v2\/comments?post=82491"}],"version-history":[{"count":0,"href":"https:\/\/appservicos.com\/noticias\/wp-json\/wp\/v2\/posts\/82491\/revisions"}],"wp:featuredmedia":[{"embeddable":true,"href":"https:\/\/appservicos.com\/noticias\/wp-json\/wp\/v2\/media\/82492"}],"wp:attachment":[{"href":"https:\/\/appservicos.com\/noticias\/wp-json\/wp\/v2\/media?parent=82491"}],"wp:term":[{"taxonomy":"category","embeddable":true,"href":"https:\/\/appservicos.com\/noticias\/wp-json\/wp\/v2\/categories?post=82491"},{"taxonomy":"post_tag","embeddable":true,"href":"https:\/\/appservicos.com\/noticias\/wp-json\/wp\/v2\/tags?post=82491"}],"curies":[{"name":"wp","href":"https:\/\/api.w.org\/{rel}","templated":true}]}}