{"id":82509,"date":"2026-08-31T08:37:20","date_gmt":"2026-08-31T11:37:20","guid":{"rendered":"https:\/\/appservicos.com\/noticias\/consulta-sobre-bens-sustentaveis-no-acordo-mercosul-ue-acaba-na-quarta\/"},"modified":"2026-08-31T08:37:20","modified_gmt":"2026-08-31T11:37:20","slug":"consulta-sobre-bens-sustentaveis-no-acordo-mercosul-ue-acaba-na-quarta","status":"publish","type":"post","link":"https:\/\/appservicos.com\/noticias\/consulta-sobre-bens-sustentaveis-no-acordo-mercosul-ue-acaba-na-quarta\/","title":{"rendered":"Consulta sobre bens sustent\u00e1veis no acordo Mercosul\u2013UE acaba na quarta"},"content":{"rendered":"<div>\n<p>As empresas e organiza\u00e7\u00f5es que contribuem com a preserva\u00e7\u00e3o do meio ambiente t\u00eam uma oportunidade de ampliar o com\u00e9rcio com o mercado europeu. <strong>Termina na pr\u00f3xima quarta-feira (2) a consulta p\u00fablica do Minist\u00e9rio do Desenvolvimento, Ind\u00fastria, Com\u00e9rcio e Servi\u00e7os (Mdic) que busca identificar produtos e cadeias produtivas sustent\u00e1veis do Mercosul.<\/strong><img decoding=\"async\" src=\"https:\/\/agenciabrasil.ebc.com.br\/ebc.png?id=1700965&#038;o=node\"><img decoding=\"async\" src=\"https:\/\/agenciabrasil.ebc.com.br\/ebc.gif?id=1700965&#038;o=node\"><\/p>\n<p>O Acordo de Livre Com\u00e9rcio entre o Mercosul e a Uni\u00e3o Europeia, promulgado em mar\u00e7o\u00a0garante benef\u00edcios comerciais adicionais para itens sustent\u00e1veis.<\/p>\n<p>A Secretaria de Com\u00e9rcio Exterior (Secex) quer reunir sugest\u00f5es de produtos que contribuam para a conserva\u00e7\u00e3o, recupera\u00e7\u00e3o, utiliza\u00e7\u00e3o e gest\u00e3o sustent\u00e1vel de florestas e outros ecossistemas vulner\u00e1veis.<\/p>\n<h2>Quem pode participar<\/h2>\n<p><strong>A consulta \u00e9 aberta a diferentes segmentos interessados na amplia\u00e7\u00e3o do com\u00e9rcio sustent\u00e1vel com o mercado europeu, incluindo:<\/strong><\/p>\n<ul>\n<li>Setor produtivo;<\/li>\n<li>Universidades e institui\u00e7\u00f5es de pesquisa;<\/li>\n<li>Organiza\u00e7\u00f5es da sociedade civil;<\/li>\n<li>Representantes de cadeias produtivas;<\/li>\n<li>Demais interessados.<\/li>\n<\/ul>\n<p>As contribui\u00e7\u00f5es podem ajudar a identificar produtos da sociobiodiversidade brasileira e cadeias que associem produ\u00e7\u00e3o econ\u00f4mica \u00e0 conserva\u00e7\u00e3o ambiental.<\/p>\n<h2>Poss\u00edveis benef\u00edcios<\/h2>\n<p>Os produtos selecionados para integrar a lista prevista no acordo poder\u00e3o ter acesso preferencial ou adicional ao mercado da Uni\u00e3o Europeia, al\u00e9m de outros incentivos destinados \u00e0 promo\u00e7\u00e3o comercial.<\/p>\n<p><strong>Na pr\u00e1tica, a consulta busca identificar produtos brasileiros que tenham caracter\u00edsticas de sustentabilidade e possam ampliar sua presen\u00e7a no mercado europeu.<\/strong><\/p>\n<p>A participa\u00e7\u00e3o tamb\u00e9m permite que empresas, entidades e representantes de cadeias produtivas apresentem produtos com potencial para receber tratamento comercial diferenciado.<\/p>\n<h2>Como participar<\/h2>\n<p>As manifesta\u00e7\u00f5es devem ser encaminhadas pela plataforma oficial Brasil Participativo at\u00e9 2 de setembro de 2026.<\/p>\n<p>Segundo o Mdic, as contribui\u00e7\u00f5es s\u00e3o importantes para a constru\u00e7\u00e3o da lista de produtos prevista no Acordo Mercosul-UE e para a identifica\u00e7\u00e3o de oportunidades comerciais relacionadas \u00e0 sustentabilidade.<\/p>\n<p>Com o prazo pr\u00f3ximo do fim, empresas e entidades interessadas em apresentar produtos ou cadeias produtivas devem enviar suas contribui\u00e7\u00f5es dentro do per\u00edodo estabelecido.<\/p>\n<\/p><\/div>\n","protected":false},"excerpt":{"rendered":"<p>As empresas e organiza\u00e7\u00f5es que contribuem com a preserva\u00e7\u00e3o do meio ambiente t\u00eam uma oportunidade de ampliar o com\u00e9rcio com o mercado europeu. Termina na pr\u00f3xima quarta-feira (2) a consulta&hellip;<\/p>\n","protected":false},"author":1,"featured_media":82510,"comment_status":"open","ping_status":"open","sticky":false,"template":"","format":"standard","meta":{"_lmt_disableupdate":"","_lmt_disable":"","footnotes":""},"categories":[24],"tags":[],"class_list":["post-82509","post","type-post","status-publish","format-standard","has-post-thumbnail","hentry","category-economia"],"_links":{"self":[{"href":"https:\/\/appservicos.com\/noticias\/wp-json\/wp\/v2\/posts\/82509","targetHints":{"allow":["GET"]}}],"collection":[{"href":"https:\/\/appservicos.com\/noticias\/wp-json\/wp\/v2\/posts"}],"about":[{"href":"https:\/\/appservicos.com\/noticias\/wp-json\/wp\/v2\/types\/post"}],"author":[{"embeddable":true,"href":"https:\/\/appservicos.com\/noticias\/wp-json\/wp\/v2\/users\/1"}],"replies":[{"embeddable":true,"href":"https:\/\/appservicos.com\/noticias\/wp-json\/wp\/v2\/comments?post=82509"}],"version-history":[{"count":0,"href":"https:\/\/appservicos.com\/noticias\/wp-json\/wp\/v2\/posts\/82509\/revisions"}],"wp:featuredmedia":[{"embeddable":true,"href":"https:\/\/appservicos.com\/noticias\/wp-json\/wp\/v2\/media\/82510"}],"wp:attachment":[{"href":"https:\/\/appservicos.com\/noticias\/wp-json\/wp\/v2\/media?parent=82509"}],"wp:term":[{"taxonomy":"category","embeddable":true,"href":"https:\/\/appservicos.com\/noticias\/wp-json\/wp\/v2\/categories?post=82509"},{"taxonomy":"post_tag","embeddable":true,"href":"https:\/\/appservicos.com\/noticias\/wp-json\/wp\/v2\/tags?post=82509"}],"curies":[{"name":"wp","href":"https:\/\/api.w.org\/{rel}","templated":true}]}}