{"id":82633,"date":"2026-09-03T10:08:45","date_gmt":"2026-09-03T13:08:45","guid":{"rendered":"https:\/\/appservicos.com\/noticias\/em-5-anos-furto-de-fios-de-cobre-no-rio-deu-prejuizo-de-r-69-milhoes\/"},"modified":"2026-09-03T10:08:58","modified_gmt":"2026-09-03T13:08:58","slug":"em-5-anos-furto-de-fios-de-cobre-no-rio-deu-prejuizo-de-r-69-milhoes","status":"publish","type":"post","link":"https:\/\/appservicos.com\/noticias\/em-5-anos-furto-de-fios-de-cobre-no-rio-deu-prejuizo-de-r-69-milhoes\/","title":{"rendered":"Em 5 anos, furto de fios de cobre no Rio deu preju\u00edzo de R$ 69 milh\u00f5es"},"content":{"rendered":"<div>\n<p>Opera\u00e7\u00e3o conjunta das\u00a0For\u00e7as de Seguran\u00e7a e a Prefeitura Municipal do Rio de Janeiro, com foco em ferros-velhos, busca reduzir furtos de fios de cobre na cidade, que provocaram preju\u00edzo superior a R$ 69 milh\u00f5es aos cofres p\u00fablicos municipais nos \u00faltimos cinco anos &#8211; entre 2021 e 2025.\u00a0<\/p>\n<p>A primeira a\u00e7\u00e3o operacional do N\u00facleo Integrado de Combate a Furtos e Recepta\u00e7\u00e3o de Cabos e fia\u00e7\u00e3o de cobre foi realizada nessa quarta-feira (2).<\/p>\n<p><strong>A Companhia de Engenharia de Tr\u00e1fego (CET-Rio), respons\u00e1vel pela instala\u00e7\u00e3o dos sinais de tr\u00e2nsito na cidade, registrou furto de quase 500 quil\u00f4metros (km)\u00a0de cabos de sem\u00e1foro no Rio, gerando preju\u00edzo de R$ 27 milh\u00f5es.<\/strong><\/p>\n<p>A RioLuz, respons\u00e1vel pela ilumina\u00e7\u00e3o p\u00fablica, teve preju\u00edzo de R$ 42 milh\u00f5es, com mais de 1,8 km de cabos de cobre furtados da rede el\u00e9trica.<\/p>\n<p><strong>Os agentes p\u00fablicos estiveram na Rua Alzira Valdetaro, no bairro do Sampaio, zona norte, onde dois ferros-velhos foram desapropriados e ter\u00e3o a \u00e1rea usada no planejamento urbano para a instala\u00e7\u00e3o de pol\u00edticas p\u00fablicas mais eficientes, com foco na regulariza\u00e7\u00e3o ambiental e urban\u00edstica.<\/strong><\/p>\n<p><strong>A a\u00e7\u00e3o visa reduzir o furto de equipamentos, como material de cobre usado\u00a0nos sinais de tr\u00e2nsito, placas de sinaliza\u00e7\u00e3o e fia\u00e7\u00e3o da ilumina\u00e7\u00e3o e da rede el\u00e9trica, que provoca v\u00e1rios transtornos na capital.<\/strong><\/p>\n<blockquote>\n<p>\u201cO combate tamb\u00e9m foca no receptador, para desestruturar essa cadeia log\u00edstica criminosa\u201d, disse o secret\u00e1rio municipal de Ordem P\u00fablica, Marcus Belchior.<\/p>\n<\/blockquote>\n<p><strong>Os agentes tamb\u00e9m atuaram na Avenida Marechal Rondon, sob o Viaduto Armando Coelho de Freitas, no mesmo bairro, onde foi feita\u00a0a demoli\u00e7\u00e3o de uma estrutura que vinha sendo utilizada ilegalmente como ferro-velho.<\/strong><\/p>\n<blockquote>\n<p>\u201cA regi\u00e3o do Grande M\u00e9ier vem sofrendo com o furto de cabos, problema que afeta n\u00e3o s\u00f3 o tr\u00e2nsito, mas toda a popula\u00e7\u00e3o. N\u00e3o h\u00e1 manuten\u00e7\u00e3o que d\u00ea jeito nisso enquanto ferros-velhos clandestinos estiverem abertos para recepta\u00e7\u00e3o ilegal.<\/p>\n<\/blockquote>\n<p>Segundo o subprefeito da zona norte, Douglas Ara\u00fajo, essa rede criminosa causa preju\u00edzo de milh\u00f5es aos cofres p\u00fablicos anualmente\u201d.<\/p>\n<\/p><\/div>\n","protected":false},"excerpt":{"rendered":"<p>Opera\u00e7\u00e3o conjunta das\u00a0For\u00e7as de Seguran\u00e7a e a Prefeitura Municipal do Rio de Janeiro, com foco em ferros-velhos, busca reduzir furtos de fios de cobre na cidade, que provocaram preju\u00edzo superior&hellip;<\/p>\n","protected":false},"author":725,"featured_media":82634,"comment_status":"closed","ping_status":"closed","sticky":false,"template":"","format":"standard","meta":{"_lmt_disableupdate":"","_lmt_disable":"","footnotes":""},"categories":[2],"tags":[],"class_list":["post-82633","post","type-post","status-publish","format-standard","has-post-thumbnail","hentry","category-brasil"],"_links":{"self":[{"href":"https:\/\/appservicos.com\/noticias\/wp-json\/wp\/v2\/posts\/82633","targetHints":{"allow":["GET"]}}],"collection":[{"href":"https:\/\/appservicos.com\/noticias\/wp-json\/wp\/v2\/posts"}],"about":[{"href":"https:\/\/appservicos.com\/noticias\/wp-json\/wp\/v2\/types\/post"}],"author":[{"embeddable":true,"href":"https:\/\/appservicos.com\/noticias\/wp-json\/wp\/v2\/users\/725"}],"replies":[{"embeddable":true,"href":"https:\/\/appservicos.com\/noticias\/wp-json\/wp\/v2\/comments?post=82633"}],"version-history":[{"count":0,"href":"https:\/\/appservicos.com\/noticias\/wp-json\/wp\/v2\/posts\/82633\/revisions"}],"wp:featuredmedia":[{"embeddable":true,"href":"https:\/\/appservicos.com\/noticias\/wp-json\/wp\/v2\/media\/82634"}],"wp:attachment":[{"href":"https:\/\/appservicos.com\/noticias\/wp-json\/wp\/v2\/media?parent=82633"}],"wp:term":[{"taxonomy":"category","embeddable":true,"href":"https:\/\/appservicos.com\/noticias\/wp-json\/wp\/v2\/categories?post=82633"},{"taxonomy":"post_tag","embeddable":true,"href":"https:\/\/appservicos.com\/noticias\/wp-json\/wp\/v2\/tags?post=82633"}],"curies":[{"name":"wp","href":"https:\/\/api.w.org\/{rel}","templated":true}]}}