{"id":82649,"date":"2026-09-03T10:09:00","date_gmt":"2026-09-03T13:09:00","guid":{"rendered":"https:\/\/appservicos.com\/noticias\/selecao-brasileira-tera-1a-convocacao-pos-copa-em-9-de-setembro\/"},"modified":"2026-09-03T10:09:10","modified_gmt":"2026-09-03T13:09:10","slug":"selecao-brasileira-tera-1a-convocacao-pos-copa-em-9-de-setembro","status":"publish","type":"post","link":"https:\/\/appservicos.com\/noticias\/selecao-brasileira-tera-1a-convocacao-pos-copa-em-9-de-setembro\/","title":{"rendered":"Sele\u00e7\u00e3o brasileira ter\u00e1 1\u00aa convoca\u00e7\u00e3o p\u00f3s-Copa em 9 de setembro"},"content":{"rendered":"<div>\n<p>A primeira convoca\u00e7\u00e3o da sele\u00e7\u00e3o brasileira p\u00f3s-Copa do Mundo est\u00e1 programada para a pr\u00f3xima quarta-feira (9), a partir das 15h (hor\u00e1rio de Bras\u00edlia). A data foi confirmada hoje pela CBF. O t\u00e9cnico italiano Carlo Ancelotti anunciar\u00e1 os 26 jogadores que enfrentar\u00e3o Austr\u00e1lia e \u00cdndia em tr\u00eas amistosos fora do pa\u00eds na pr\u00f3xima Data Fifa (entre 21 de setembro e 6 de outubro). Os jogos ser\u00e3o os primeiros do ciclo de prepara\u00e7\u00e3o para o Mundial de 2030, com sedes em Espanha, Portugal, Marrocos, Uruguai, Argentina e Paraguai.<img decoding=\"async\" src=\"https:\/\/agenciabrasil.ebc.com.br\/ebc.png?id=1701381&#038;o=node\"><img decoding=\"async\" src=\"https:\/\/agenciabrasil.ebc.com.br\/ebc.gif?id=1701381&#038;o=node\"><\/p>\n<p>Ancelotti divulgar\u00e1 a lista de convocados na sede da CBF, no Rio de Janeiro, com <strong>transmiss\u00e3o ao vivo<\/strong> na CBF TV, no YouTube. \u00c9 grande a expectativa em torno da primeira lista do t\u00e9cnico italiano ap\u00f3s a <strong>elimina\u00e7\u00e3o precoce do Brasil para a Noruega,<\/strong> nas oitavas de final do Mundial deste ano. Al\u00e9m de acompanhar os jogos no pa\u00eds, o treinador passou a \u00faltima semana na Europa, acompanhando jogos com atletas brasileiros que defendem clubes franceses e ingleses. \u00a0<\/p>\n<blockquote>\n<div dir=\"ltr\" lang=\"pt\" xml:lang=\"pt\">\n<p>A Super Data FIFA vem a\u00ed! \ud83c\udde7\ud83c\uddf7\ud83d\udc9b<\/p>\n<p> Na pr\u00f3xima quarta-feira, 9 de Setembro, \u00e0s 15h (de Bras\u00edlia), teremos a divulga\u00e7\u00e3o dos 26 nomes que disputar\u00e3o os tr\u00eas amistosos que fazem parte da agenda da Sele\u00e7\u00e3o nos meses de setembro e outubro.<\/p>\n<p> 25\/09 \u2022 \ud83c\udde6\ud83c\uddfavs\ud83c\udde7\ud83c\uddf7<br \/> 29\/09 \u2022 \ud83c\udde6\ud83c\uddfavs\ud83c\udde7\ud83c\uddf7<br \/> 03\/10 \u2022 \ud83c\uddee\ud83c\uddf3vs\ud83c\udde7\ud83c\uddf7\u2026 pic.twitter.com\/8xu6MMmj5g<\/p>\n<\/div>\n<p> \u2014 brasil (@CBF_Futebol) September 2, 2026<\/p><\/blockquote>\n<p>O Brasil enfrentar\u00e1 a Austr\u00e1lia duas vezes na casa dos advers\u00e1rios. O primeiro confronto ser\u00e1 em 25 de setembro (uma sexta-feira), \u00e0s 7h (hor\u00e1rio de Bras\u00edlia), no est\u00e1dio Queensland Country Bank, em Townsville. Quatro dias depois, as duas sele\u00e7\u00f5es voltam a duelar, no mesmo hor\u00e1rio, no est\u00e1dio Suncorp, em Brisbane. J\u00e1 a partida contra a \u00cdndia est\u00e1 programada para 3 de outubro (um s\u00e1bado), \u00e0s 11h, no est\u00e1dio Salt Lake, em Calcut\u00e1.<\/p>\n<\/p><\/div>\n","protected":false},"excerpt":{"rendered":"<p>A primeira convoca\u00e7\u00e3o da sele\u00e7\u00e3o brasileira p\u00f3s-Copa do Mundo est\u00e1 programada para a pr\u00f3xima quarta-feira (9), a partir das 15h (hor\u00e1rio de Bras\u00edlia). A data foi confirmada hoje pela CBF.&hellip;<\/p>\n","protected":false},"author":134,"featured_media":82650,"comment_status":"open","ping_status":"open","sticky":false,"template":"","format":"standard","meta":{"_lmt_disableupdate":"","_lmt_disable":"","footnotes":""},"categories":[3],"tags":[],"class_list":["post-82649","post","type-post","status-publish","format-standard","has-post-thumbnail","hentry","category-esportes"],"_links":{"self":[{"href":"https:\/\/appservicos.com\/noticias\/wp-json\/wp\/v2\/posts\/82649","targetHints":{"allow":["GET"]}}],"collection":[{"href":"https:\/\/appservicos.com\/noticias\/wp-json\/wp\/v2\/posts"}],"about":[{"href":"https:\/\/appservicos.com\/noticias\/wp-json\/wp\/v2\/types\/post"}],"author":[{"embeddable":true,"href":"https:\/\/appservicos.com\/noticias\/wp-json\/wp\/v2\/users\/134"}],"replies":[{"embeddable":true,"href":"https:\/\/appservicos.com\/noticias\/wp-json\/wp\/v2\/comments?post=82649"}],"version-history":[{"count":0,"href":"https:\/\/appservicos.com\/noticias\/wp-json\/wp\/v2\/posts\/82649\/revisions"}],"wp:featuredmedia":[{"embeddable":true,"href":"https:\/\/appservicos.com\/noticias\/wp-json\/wp\/v2\/media\/82650"}],"wp:attachment":[{"href":"https:\/\/appservicos.com\/noticias\/wp-json\/wp\/v2\/media?parent=82649"}],"wp:term":[{"taxonomy":"category","embeddable":true,"href":"https:\/\/appservicos.com\/noticias\/wp-json\/wp\/v2\/categories?post=82649"},{"taxonomy":"post_tag","embeddable":true,"href":"https:\/\/appservicos.com\/noticias\/wp-json\/wp\/v2\/tags?post=82649"}],"curies":[{"name":"wp","href":"https:\/\/api.w.org\/{rel}","templated":true}]}}