{"id":82667,"date":"2026-09-03T10:09:29","date_gmt":"2026-09-03T13:09:29","guid":{"rendered":"https:\/\/appservicos.com\/noticias\/censo-escolar-2026-dados-da-1a-etapa-podem-ser-conferidos-ate-dia-11\/"},"modified":"2026-09-03T10:09:29","modified_gmt":"2026-09-03T13:09:29","slug":"censo-escolar-2026-dados-da-1a-etapa-podem-ser-conferidos-ate-dia-11","status":"publish","type":"post","link":"https:\/\/appservicos.com\/noticias\/censo-escolar-2026-dados-da-1a-etapa-podem-ser-conferidos-ate-dia-11\/","title":{"rendered":"Censo Escolar 2026: dados da 1\u00aa etapa podem ser conferidos at\u00e9 dia 11"},"content":{"rendered":"<div>\n<p><strong>Escolas das redes de ensino municipais, estaduais e do Distrito Federal poder\u00e3o conferir, at\u00e9 11 de setembro, as informa\u00e7\u00f5es prestadas na primeira etapa do Censo Escolar da Educa\u00e7\u00e3o B\u00e1sica 2026 \u2014 Matr\u00edcula Inicial.<\/strong><img decoding=\"async\" src=\"https:\/\/agenciabrasil.ebc.com.br\/ebc.png?id=1701393&#038;o=node\"><img decoding=\"async\" src=\"https:\/\/agenciabrasil.ebc.com.br\/ebc.gif?id=1701393&#038;o=node\"><\/p>\n<p>Pela primeira vez, os relat\u00f3rios com os dados declarados durante o per\u00edodo oficial de coleta podem ser consultados no\u00a0Sistema Educacenso\u00a0do Instituto Nacional de Estudos e Pesquisas Educacionais An\u00edsio Teixeira (Inep).\u00a0<\/p>\n<p>A\u00a0 consulta permite que os respons\u00e1veis identifiquem poss\u00edveis inconsist\u00eancias dos dados declarados antes da abertura do per\u00edodo oficial de retifica\u00e7\u00e3o.<\/p>\n<p>O Censo Escolar, coordenado pelo Inep, abrange as diferentes etapas e modalidades da educa\u00e7\u00e3o b\u00e1sica e da educa\u00e7\u00e3o profissional, incluindo educa\u00e7\u00e3o infantil, ensino fundamental, ensino m\u00e9dio, educa\u00e7\u00e3o de jovens e adultos (EJA) e educa\u00e7\u00e3o profissional.<\/p>\n<h2>Consulta e retifica\u00e7\u00e3o<\/h2>\n<p><strong>At\u00e9 o dia 11, o Sistema Educacenso estar\u00e1 dispon\u00edvel exclusivamente para leitura. Portanto, os gestores de ensino e os respons\u00e1veis nas escolas n\u00e3o poder\u00e3o editar ou alterar as informa\u00e7\u00f5es declaradas.<\/strong><\/p>\n<p>Ap\u00f3s a publica\u00e7\u00e3o dos dados preliminares do Censo Escolar 2026 no Di\u00e1rio Oficial da Uni\u00e3o (DOU), prevista para a segunda quinzena de setembro, a funcionalidade de edi\u00e7\u00e3o ser\u00e1 aberta para retifica\u00e7\u00e3o de eventuais inconsist\u00eancias identificadas nos dados informados.<\/p>\n<p>Conforme a Portaria Inep n\u00ba 217\/2026, o per\u00edodo de confer\u00eancia e retifica\u00e7\u00e3o dos dados ter\u00e1 dura\u00e7\u00e3o de 30 dias. O procedimento dever\u00e1 ser feito no mesmo Sistema EducaCenso, do Inep.<\/p>\n<h2>Cronograma<\/h2>\n<p>O cronograma tamb\u00e9m prev\u00ea que\u00a0no dia 11 de dezembro\u00a0dever\u00e1 ocorrer o envio dos dados finais homologados ao Fundo Nacional de Desenvolvimento da Educa\u00e7\u00e3o (FNDE).<\/p>\n<p>As informa\u00e7\u00f5es s\u00e3o usadas no c\u00e1lculo dos coeficientes de distribui\u00e7\u00e3o do Fundo de Manuten\u00e7\u00e3o e Desenvolvimento da Educa\u00e7\u00e3o B\u00e1sica e de Valoriza\u00e7\u00e3o dos Profissionais da Educa\u00e7\u00e3o (Fundeb).<\/p>\n<p><strong>A divulga\u00e7\u00e3o dos resultados finais da primeira etapa, das sinopses estat\u00edsticas e dos demais estat\u00edsticas da Educa\u00e7\u00e3o B\u00e1sica est\u00e1 programada para 1\u00ba de fevereiro de 2027.<\/strong><\/p>\n<h2>Alunos<\/h2>\n<p><strong>Em 1\u00ba de fevereiro de 2027\u00a0tem in\u00edcio a segunda etapa do Censo Escolar da Educa\u00e7\u00e3o B\u00e1sica 2026, que trata da situa\u00e7\u00e3o do aluno.<\/strong><\/p>\n<p>Nesta fase, o diretor ou respons\u00e1vel pela escola dever\u00e1 coletar as informa\u00e7\u00f5es sobre rendimento e movimento escolar daqueles estudantes que foram declarados na primeira etapa, incluindo dados de aprova\u00e7\u00e3o, reprova\u00e7\u00e3o, abandono e transfer\u00eancia.<\/p>\n<p><strong>O per\u00edodo de coleta termina no dia\u00a012 de mar\u00e7o de 2027.<\/strong><\/p>\n<p>As taxas preliminares de rendimento escolar e os relat\u00f3rios por escola estar\u00e3o dispon\u00edveis para confer\u00eancia a partir de 1\u00ba de abril de 2027.<\/p>\n<p>Os indicadores finais de rendimento escolar ser\u00e3o divulgados pelo Inep em 14 de maio de 2027.<\/p>\n<p><strong>Os dados no Censo Escolar servem para a formula\u00e7\u00e3o, o monitoramento e a avalia\u00e7\u00e3o de pol\u00edticas p\u00fablicas educacionais, al\u00e9m de servirem como refer\u00eancia para programas de financiamento e distribui\u00e7\u00e3o de recursos da educa\u00e7\u00e3o.<\/strong><\/p>\n<p>As informa\u00e7\u00f5es tamb\u00e9m s\u00e3o utilizadas na produ\u00e7\u00e3o de estat\u00edsticas e indicadores educacionais, entre eles o \u00cdndice de Desenvolvimento da Educa\u00e7\u00e3o B\u00e1sica (Ideb), as taxas de rendimento, as taxas de fluxo escolar e a distor\u00e7\u00e3o idade-s\u00e9rie.<\/p>\n<p>Os dados coletados s\u00e3o utilizadas tamb\u00e9m em estudos, pesquisas, avalia\u00e7\u00f5es educacionais e outras atividades previstas na legisla\u00e7\u00e3o.<\/p>\n<p>Al\u00e9m disso, os dados do Censo Escolar s\u00e3o adotados em procedimentos administrativos relacionados \u00e0s pol\u00edticas p\u00fablicas da educa\u00e7\u00e3o b\u00e1sica, conforme a legisla\u00e7\u00e3o vigente.<\/p>\n<\/p><\/div>\n","protected":false},"excerpt":{"rendered":"<p>Escolas das redes de ensino municipais, estaduais e do Distrito Federal poder\u00e3o conferir, at\u00e9 11 de setembro, as informa\u00e7\u00f5es prestadas na primeira etapa do Censo Escolar da Educa\u00e7\u00e3o B\u00e1sica 2026&hellip;<\/p>\n","protected":false},"author":700,"featured_media":82668,"comment_status":"open","ping_status":"open","sticky":false,"template":"","format":"standard","meta":{"_lmt_disableupdate":"","_lmt_disable":"","footnotes":""},"categories":[22],"tags":[],"class_list":["post-82667","post","type-post","status-publish","format-standard","has-post-thumbnail","hentry","category-educacao"],"_links":{"self":[{"href":"https:\/\/appservicos.com\/noticias\/wp-json\/wp\/v2\/posts\/82667","targetHints":{"allow":["GET"]}}],"collection":[{"href":"https:\/\/appservicos.com\/noticias\/wp-json\/wp\/v2\/posts"}],"about":[{"href":"https:\/\/appservicos.com\/noticias\/wp-json\/wp\/v2\/types\/post"}],"author":[{"embeddable":true,"href":"https:\/\/appservicos.com\/noticias\/wp-json\/wp\/v2\/users\/700"}],"replies":[{"embeddable":true,"href":"https:\/\/appservicos.com\/noticias\/wp-json\/wp\/v2\/comments?post=82667"}],"version-history":[{"count":0,"href":"https:\/\/appservicos.com\/noticias\/wp-json\/wp\/v2\/posts\/82667\/revisions"}],"wp:featuredmedia":[{"embeddable":true,"href":"https:\/\/appservicos.com\/noticias\/wp-json\/wp\/v2\/media\/82668"}],"wp:attachment":[{"href":"https:\/\/appservicos.com\/noticias\/wp-json\/wp\/v2\/media?parent=82667"}],"wp:term":[{"taxonomy":"category","embeddable":true,"href":"https:\/\/appservicos.com\/noticias\/wp-json\/wp\/v2\/categories?post=82667"},{"taxonomy":"post_tag","embeddable":true,"href":"https:\/\/appservicos.com\/noticias\/wp-json\/wp\/v2\/tags?post=82667"}],"curies":[{"name":"wp","href":"https:\/\/api.w.org\/{rel}","templated":true}]}}