{"id":82679,"date":"2026-09-03T10:09:29","date_gmt":"2026-09-03T13:09:29","guid":{"rendered":"https:\/\/appservicos.com\/noticias\/feira-pan-amazonica-do-livro-espera-receber-450-mil-visitantes\/"},"modified":"2026-09-03T10:09:42","modified_gmt":"2026-09-03T13:09:42","slug":"feira-pan-amazonica-do-livro-espera-receber-450-mil-visitantes","status":"publish","type":"post","link":"https:\/\/appservicos.com\/noticias\/feira-pan-amazonica-do-livro-espera-receber-450-mil-visitantes\/","title":{"rendered":"Feira Pan-Amaz\u00f4nica do Livro espera receber 450 mil visitantes"},"content":{"rendered":"<div>\n<p>Vai at\u00e9 o pr\u00f3ximo domingo (6), em Bel\u00e9m, no Par\u00e1, a Feira Pan-Amaz\u00f4nica do Livro e das Multivozes, um dos principais eventos liter\u00e1rios e culturais da Regi\u00e3o Norte. A expectativa \u00e9 receber 450 mil visitantes para atividades culturais, debates e lan\u00e7amentos de livros no Hangar Centro de Conven\u00e7\u00f5es.<img decoding=\"async\" src=\"https:\/\/agenciabrasil.ebc.com.br\/ebc.png?id=1701359&#038;o=node\"><img decoding=\"async\" src=\"https:\/\/agenciabrasil.ebc.com.br\/ebc.gif?id=1701359&#038;o=node\"><\/p>\n<p>Os homenageados da 29\u00aa edi\u00e7\u00e3o da Feira s\u00e3o a cantora, compositora e atriz Nazar\u00e9 Pereira e o Jabutig\u00e3o, personagem criado pelo escritor, ator e ativista ambiental Luiz Peixoto Ramos.<\/p>\n<p>Na programa\u00e7\u00e3o, h\u00e1 dois totens do MEC Livros, plataforma digital que re\u00fane quase 27 mil t\u00edtulos contempor\u00e2neos licenciados e obras em dom\u00ednio p\u00fablico e j\u00e1 soma mais de um milh\u00e3o de usu\u00e1rios cadastrados.<\/p>\n<p>Durante a feira, de dia, est\u00e3o previstas apresenta\u00e7\u00f5es art\u00edsticas e teatro de bonecos para crian\u00e7as e estudantes. \u00c0 noite, sempre \u00e0s sete, a Arena das Multivozes recebe mesas de debate. J\u00e1 no Ponto do Autor, os visitantes podem encontrar escritores em sess\u00f5es de aut\u00f3grafos.<\/p>\n<p>Autores como Jeferson Ten\u00f3rio, de &#8220;O Avesso da Pele&#8221;, tamb\u00e9m participam da programa\u00e7\u00e3o.<\/p>\n<p>Nesta quarta-feira (2), o tema \u00e9 inclus\u00e3o e acessibilidade na literatura e na arte. Na quinta (3), o destaque fica para jovens criadores, novas linguagens e m\u00eddias. J\u00e1 na sexta (4), os debates abordam identidade, g\u00eanero, etnia e representatividade.<\/p>\n<p>At\u00e9 o encerramento, no domingo (6), a Feira Pan-Amaz\u00f4nica do Livro ainda promove discuss\u00f5es sobre diversidade e g\u00eanero na literatura, a Amaz\u00f4nia e a crise ecol\u00f3gica, al\u00e9m dos di\u00e1logos com o Sul Global.<\/p>\n<p>A feira acontece no Hangar Centro de Conven\u00e7\u00f5es, no bairro do Marco, em Bel\u00e9m, das nove da manh\u00e3 \u00e0s nove da noite.<\/p>\n<\/p><\/div>\n","protected":false},"excerpt":{"rendered":"<p>Vai at\u00e9 o pr\u00f3ximo domingo (6), em Bel\u00e9m, no Par\u00e1, a Feira Pan-Amaz\u00f4nica do Livro e das Multivozes, um dos principais eventos liter\u00e1rios e culturais da Regi\u00e3o Norte. A expectativa&hellip;<\/p>\n","protected":false},"author":722,"featured_media":82680,"comment_status":"open","ping_status":"open","sticky":false,"template":"","format":"standard","meta":{"_lmt_disableupdate":"","_lmt_disable":"","footnotes":""},"categories":[23],"tags":[],"class_list":["post-82679","post","type-post","status-publish","format-standard","has-post-thumbnail","hentry","category-famosos-tv"],"_links":{"self":[{"href":"https:\/\/appservicos.com\/noticias\/wp-json\/wp\/v2\/posts\/82679","targetHints":{"allow":["GET"]}}],"collection":[{"href":"https:\/\/appservicos.com\/noticias\/wp-json\/wp\/v2\/posts"}],"about":[{"href":"https:\/\/appservicos.com\/noticias\/wp-json\/wp\/v2\/types\/post"}],"author":[{"embeddable":true,"href":"https:\/\/appservicos.com\/noticias\/wp-json\/wp\/v2\/users\/722"}],"replies":[{"embeddable":true,"href":"https:\/\/appservicos.com\/noticias\/wp-json\/wp\/v2\/comments?post=82679"}],"version-history":[{"count":0,"href":"https:\/\/appservicos.com\/noticias\/wp-json\/wp\/v2\/posts\/82679\/revisions"}],"wp:featuredmedia":[{"embeddable":true,"href":"https:\/\/appservicos.com\/noticias\/wp-json\/wp\/v2\/media\/82680"}],"wp:attachment":[{"href":"https:\/\/appservicos.com\/noticias\/wp-json\/wp\/v2\/media?parent=82679"}],"wp:term":[{"taxonomy":"category","embeddable":true,"href":"https:\/\/appservicos.com\/noticias\/wp-json\/wp\/v2\/categories?post=82679"},{"taxonomy":"post_tag","embeddable":true,"href":"https:\/\/appservicos.com\/noticias\/wp-json\/wp\/v2\/tags?post=82679"}],"curies":[{"name":"wp","href":"https:\/\/api.w.org\/{rel}","templated":true}]}}