{"id":82681,"date":"2026-09-03T10:09:28","date_gmt":"2026-09-03T13:09:28","guid":{"rendered":"https:\/\/appservicos.com\/noticias\/ator-e-diretor-gracindo-jr-morre-aos-83-anos-no-rio\/"},"modified":"2026-09-03T10:09:45","modified_gmt":"2026-09-03T13:09:45","slug":"ator-e-diretor-gracindo-jr-morre-aos-83-anos-no-rio","status":"publish","type":"post","link":"https:\/\/appservicos.com\/noticias\/ator-e-diretor-gracindo-jr-morre-aos-83-anos-no-rio\/","title":{"rendered":"Ator e diretor Gracindo Jr. morre aos 83 anos no Rio"},"content":{"rendered":"<div>\n<p>Morreu na manh\u00e3 desta quarta-feira o ator e diretor Gracindo Jr., aos 83 anos de idade, por causas naturais.<img decoding=\"async\" src=\"https:\/\/agenciabrasil.ebc.com.br\/ebc.png?id=1701335&#038;o=node\"><img decoding=\"async\" src=\"https:\/\/agenciabrasil.ebc.com.br\/ebc.gif?id=1701335&#038;o=node\"><\/p>\n<p>A informa\u00e7\u00e3o foi confirmada pelo filho do artista, Pedro Gracindo, acrescentando que o pai morreu em casa, no Rio de Janeiro.<\/p>\n<p><strong>Ao longo de mais de 50 anos de carreira, Gracindo Jr.\u00a0 acumulou passagens pelo r\u00e1dio, teatro, televis\u00e3o e cinema.<\/strong><\/p>\n<p>Filho de Paulo Gracindo, outro hist\u00f3rico nome da dramaturgia brasileira, o carioca registrado como Epaminondas Xavier Gracindo deu seus primeiros passos nas artes em 1959, quando foi aprovado em um teste para trabalhar na R\u00e1dio Nacional.<\/p>\n<p>Mesma emissora onde o pai j\u00e1 havia se consolidado como um dos atores e apresentadores de maior sucesso da \u00e9poca.<\/p>\n<p>Ap\u00f3s deixar sua marca na R\u00e1dio Nacional, ele foi contratado pela TV Globo em 1964 para integrar o elenco que inaugurou as produ\u00e7\u00f5es da emissora.<\/p>\n<p>De l\u00e1 para c\u00e1, atuou em sucessos como O Salvador da P\u00e1tria, Rosinha do Sobrado, Padre Ti\u00e3o e Os Ossos do Bar\u00e3o, onde contracenou com o seu pai.<\/p>\n<p>O sucesso o acompanhou inclusive na fun\u00e7\u00e3o de diretor.<\/p>\n<p>Entre as produ\u00e7\u00f5es de maior destaque est\u00e3o a novela Marron Glac\u00ea, o programa de com\u00e9dia Os Trapalh\u00f5es e os primeiros videoclipes de m\u00fasica exibidos pelo programa Fant\u00e1stico, da TV Globo.<\/p>\n<p>Em notas, o governador do Rio de Janeiro, Ricardo Couto, e o Minist\u00e9rio da Cultura lamentaram a morte do ator e manifestaram solidariedade aos familiares.<\/p>\n<p><strong>Gracindo Jr.\u00a0deixa cinco filhos, sete netos e a esposa, Daisy Poli, com quem estava casado h\u00e1 mais de cinco d\u00e9cadas.<\/strong><\/p>\n<p><strong>At\u00e9 o fechamento desta reportagem, n\u00e3o foram divulgadas informa\u00e7\u00f5es sobre o vel\u00f3rio.<\/strong><\/p>\n<p><em>*Sob supervis\u00e3o de Vit\u00f3ria Elizabeth<\/em><\/p>\n<\/p><\/div>\n","protected":false},"excerpt":{"rendered":"<p>Morreu na manh\u00e3 desta quarta-feira o ator e diretor Gracindo Jr., aos 83 anos de idade, por causas naturais. A informa\u00e7\u00e3o foi confirmada pelo filho do artista, Pedro Gracindo, acrescentando&hellip;<\/p>\n","protected":false},"author":1044,"featured_media":82682,"comment_status":"open","ping_status":"open","sticky":false,"template":"","format":"standard","meta":{"_lmt_disableupdate":"","_lmt_disable":"","footnotes":""},"categories":[23],"tags":[],"class_list":["post-82681","post","type-post","status-publish","format-standard","has-post-thumbnail","hentry","category-famosos-tv"],"_links":{"self":[{"href":"https:\/\/appservicos.com\/noticias\/wp-json\/wp\/v2\/posts\/82681","targetHints":{"allow":["GET"]}}],"collection":[{"href":"https:\/\/appservicos.com\/noticias\/wp-json\/wp\/v2\/posts"}],"about":[{"href":"https:\/\/appservicos.com\/noticias\/wp-json\/wp\/v2\/types\/post"}],"author":[{"embeddable":true,"href":"https:\/\/appservicos.com\/noticias\/wp-json\/wp\/v2\/users\/1044"}],"replies":[{"embeddable":true,"href":"https:\/\/appservicos.com\/noticias\/wp-json\/wp\/v2\/comments?post=82681"}],"version-history":[{"count":0,"href":"https:\/\/appservicos.com\/noticias\/wp-json\/wp\/v2\/posts\/82681\/revisions"}],"wp:featuredmedia":[{"embeddable":true,"href":"https:\/\/appservicos.com\/noticias\/wp-json\/wp\/v2\/media\/82682"}],"wp:attachment":[{"href":"https:\/\/appservicos.com\/noticias\/wp-json\/wp\/v2\/media?parent=82681"}],"wp:term":[{"taxonomy":"category","embeddable":true,"href":"https:\/\/appservicos.com\/noticias\/wp-json\/wp\/v2\/categories?post=82681"},{"taxonomy":"post_tag","embeddable":true,"href":"https:\/\/appservicos.com\/noticias\/wp-json\/wp\/v2\/tags?post=82681"}],"curies":[{"name":"wp","href":"https:\/\/api.w.org\/{rel}","templated":true}]}}