{"id":82693,"date":"2026-09-04T10:38:52","date_gmt":"2026-09-04T13:38:52","guid":{"rendered":"https:\/\/appservicos.com\/noticias\/movimento-alcoolicos-anonimos-no-rio-comemora-79-anos\/"},"modified":"2026-09-04T10:38:59","modified_gmt":"2026-09-04T13:38:59","slug":"movimento-alcoolicos-anonimos-no-rio-comemora-79-anos","status":"publish","type":"post","link":"https:\/\/appservicos.com\/noticias\/movimento-alcoolicos-anonimos-no-rio-comemora-79-anos\/","title":{"rendered":"Movimento Alco\u00f3licos An\u00f4nimos no Rio comemora 79 anos"},"content":{"rendered":"<div>\n<p>O movimento Alco\u00f3licos An\u00f4nimos (A.A.) est\u00e1 comemorando 79 anos no Brasil com reuni\u00e3o in\u00e9dita, com tradu\u00e7\u00e3o em libras nesta sexta-feira (4), \u00e0s 17h30, no grupo Posto 11, no Leblon, zona sul do Rio. O encontro ser\u00e1 aberto ao p\u00fablico e uma oportunidade para acolher deficientes auditivos que enfrentam problemas com \u00e1lcool.<\/p>\n<blockquote>\n<p>&#8220;Celebraremos uma hist\u00f3ria constru\u00edda por milhares de vidas que encontraram, em Alco\u00f3licos An\u00f4nimos, um caminho de recupera\u00e7\u00e3o, esperan\u00e7a e uma nova maneira de viver&#8221;.<\/p>\n<\/blockquote>\n<p><strong>S\u00f3 no primeiro semestre de 2026, houve crescimento de 97% nos atendimentos feitos\u00a0pela Linha de Ajuda (21 2253-3377) em rela\u00e7\u00e3o ao mesmo per\u00edodo do ano passado, passando de 1.521 em 2025 para cerca de 3 mil em 2026.<\/strong> O\u00a0n\u00famero de <em>downloads<\/em> do aplicativo AARJ subiu 38% entre janeiro e junho deste ano, fechando o semestre com 97.340.<\/p>\n<p>\u00a0O movimento dos Alco\u00f3licos An\u00f4nimos nasceu em 1935, na cidade de Akron, Ohio (EUA), ap\u00f3s o encontro entre um corretor de Nova York (Bill W.) e um cirurgi\u00e3o local (Dr. Bob S.), ambos com hist\u00f3rico de alcoolismo grave.<\/p>\n<p><strong>No Brasil, a primeira reuni\u00e3o ocorreu no Rio de Janeiro, em 5 de setembro de 1947, impulsionada por pioneiros e relatos de visitantes estrangeiros. N<\/strong>o estado do Rio, o A.A. conta hoje com centenas de grupos ativos de apoio presencial e virtual.<\/p>\n<p>Neste s\u00e1bado, (5), anivers\u00e1rio de 79 anos de Alco\u00f3licos An\u00f4nimos no Brasil, haver\u00e1 uma <em>live<\/em> comemorativa, das 11h \u00e0s 12h30, transmitida no canal oficial do Escrit\u00f3rio de Servi\u00e7os Locais de Alco\u00f3licos An\u00f4nimos do RJ (ESL RJ) no YouTube.<\/p>\n<blockquote>\n<p>\u201cO Escrit\u00f3rio do A.A. no Rio vem realizando algumas a\u00e7\u00f5es para garantir mais acessibilidade a pessoas com defici\u00eancia. Estamos avan\u00e7ando ano a ano e atualmente nossos eventos online contam com int\u00e9rpretes de libras, diz o diretor do ESL RJ (o nome n\u00e3o \u00e9 divulgado devido \u00e0 pol\u00edtica de privacidade do A.A.).\u00a0\u00a0<\/p>\n<\/blockquote>\n<p><strong>Pela Linha de Ajuda, \u00e9 poss\u00edvel saber quais grupos t\u00eam acessibilidade para cadeirantes.<\/strong><\/p>\n<h2>Depoimentos<\/h2>\n<p>C.S, homem, morador da Rocinha, 54 anos e h\u00e1 20 anos abstinente: \u201cPercebi que minha vida n\u00e3o tinha progresso. O \u00e1lcool afetou a minha mem\u00f3ria e tinha dificuldade para parar de beber. Cheguei \u00e0 irmandade aos 34 anos, depois de ir a v\u00e1rios lugares sem sucesso. N\u00e3o estaria vivo sem a ajuda de Alco\u00f3licos An\u00f4nimos, que foi fundamental na minha recupera\u00e7\u00e3o. Na verdade, continua sendo. Vou \u00e0s reuni\u00f5es de 3 a 4 vezes na semana e levo a mensagem de recupera\u00e7\u00e3o de A.A. a quem precisa, o que \u00e9 muito gratificante\u201d.<\/p>\n<p>C.D, homem, 65 anos, de S\u00e3o Gon\u00e7alo, regi\u00e3o metropolitana do Rio, est\u00e1 h\u00e1 34 anos e seis meses em abstin\u00eancia: \u201cComecei a beber aos 15 anos, logo ap\u00f3s o falecimento da minha m\u00e3e. Mas foi em 1992 que cheguei a Alco\u00f3licos An\u00f4nimos e, desde ent\u00e3o, participo continuamente. A.A. faz parte da minha fam\u00edlia e uma das coisas mais importantes para mim. Devo a minha vida a Alco\u00f3licos An\u00f4nimos e procuro praticar esse programa de recupera\u00e7\u00e3o com persist\u00eancia todos os dias. A minha sobriedade depende do\u00a0programa\u201d.<\/p>\n<p>A.D, mulher, 27 anos, moradora da capital e h\u00e1 oito\u00a0anos sem beber: \u201cComecei a consumir \u00e1lcool aos 12 anos e desde o primeiro gole, percebi que meu padr\u00e3o de consumo era diferente dos meus amigos. Lidava frequentemente com &#8220;apag\u00f5es&#8221; (perdas\u00a0de mem\u00f3ria), comportamentos desmoralizantes e, por vezes, agressivos. Minha intera\u00e7\u00e3o com o \u00e1lcool me levou ao fundo do po\u00e7o. Ingressei em Alco\u00f3licos An\u00f4nimos aos 19 anos, no final do meu primeiro ano de faculdade, e n\u00e3o hesito em afirmar que essa irmandade salvou minha vida\u201d. \u00a0<\/p>\n<p>A jovem conta ainda que, \u201cna verdade, o A.A. me presenteou com nova vida. Hoje, tenho dignidade, tomo decis\u00f5es conscientes\u00a0e fa\u00e7o projetos a longo prazo, mas todos os dias lembro que o mais vital \u00e9 evitar o primeiro gole. Apenas assim posso alcan\u00e7ar todas as outras conquistas. Vivo um dia de cada vez, sem consumir \u00e1lcool &#8211; a filosofia do \u2018s\u00f3 por hoje\u2019 tamb\u00e9m se aplica a diversas \u00e1reas da minha vida\u201d.<\/p>\n<p>Outro depoimento \u00e9 de M.T, mulher, moradora no Rio, 46 anos e 19 anos e meio de recupera\u00e7\u00e3o. Ela\u00a0participa das reuni\u00f5es mistas e de composi\u00e7\u00e3o feminina: \u201cIngressei em Alco\u00f3licos An\u00f4nimos com 26 anos, depois de diversos epis\u00f3dios de bebedeiras e perda de mem\u00f3ria, que chamamos de \u2018apagamentos alco\u00f3licos\u2019. Nesses apagamentos, eu permanecia ativa pelo Rio de Janeiro, dirigindo, conversando, me locomovendo, mas n\u00e3o lembrava de muita coisa no dia seguinte, apenas flashes do que se passou na noite anterior\u201d. \u00a0<\/p>\n<p>Ela diz que, \u201cmuitas vezes, sofria viol\u00eancia, muitas vezes era violenta, ou vivia situa\u00e7\u00f5es humilhantes. Por isso, pessoas foram se afastando de mim,\u00a0fui me isolando e me sentindo diferente, sozinha. Foi esse sentimento que me levou a pedir ajuda aos meus pais, que me direcionaram a uma terapia de 12 passos, e l\u00e1 me indicaram o A.A.\u00a0Desde que ingressei, vivo uma verdadeira transforma\u00e7\u00e3o,\u00a0falo que vivo uma nova vida em vida\u201d.<\/p>\n<\/p><\/div>\n","protected":false},"excerpt":{"rendered":"<p>O movimento Alco\u00f3licos An\u00f4nimos (A.A.) est\u00e1 comemorando 79 anos no Brasil com reuni\u00e3o in\u00e9dita, com tradu\u00e7\u00e3o em libras nesta sexta-feira (4), \u00e0s 17h30, no grupo Posto 11, no Leblon, zona&hellip;<\/p>\n","protected":false},"author":725,"featured_media":82694,"comment_status":"closed","ping_status":"closed","sticky":false,"template":"","format":"standard","meta":{"_lmt_disableupdate":"","_lmt_disable":"","footnotes":""},"categories":[2],"tags":[],"class_list":["post-82693","post","type-post","status-publish","format-standard","has-post-thumbnail","hentry","category-brasil"],"_links":{"self":[{"href":"https:\/\/appservicos.com\/noticias\/wp-json\/wp\/v2\/posts\/82693","targetHints":{"allow":["GET"]}}],"collection":[{"href":"https:\/\/appservicos.com\/noticias\/wp-json\/wp\/v2\/posts"}],"about":[{"href":"https:\/\/appservicos.com\/noticias\/wp-json\/wp\/v2\/types\/post"}],"author":[{"embeddable":true,"href":"https:\/\/appservicos.com\/noticias\/wp-json\/wp\/v2\/users\/725"}],"replies":[{"embeddable":true,"href":"https:\/\/appservicos.com\/noticias\/wp-json\/wp\/v2\/comments?post=82693"}],"version-history":[{"count":0,"href":"https:\/\/appservicos.com\/noticias\/wp-json\/wp\/v2\/posts\/82693\/revisions"}],"wp:featuredmedia":[{"embeddable":true,"href":"https:\/\/appservicos.com\/noticias\/wp-json\/wp\/v2\/media\/82694"}],"wp:attachment":[{"href":"https:\/\/appservicos.com\/noticias\/wp-json\/wp\/v2\/media?parent=82693"}],"wp:term":[{"taxonomy":"category","embeddable":true,"href":"https:\/\/appservicos.com\/noticias\/wp-json\/wp\/v2\/categories?post=82693"},{"taxonomy":"post_tag","embeddable":true,"href":"https:\/\/appservicos.com\/noticias\/wp-json\/wp\/v2\/tags?post=82693"}],"curies":[{"name":"wp","href":"https:\/\/api.w.org\/{rel}","templated":true}]}}