{"id":82697,"date":"2026-09-04T10:38:50","date_gmt":"2026-09-04T13:38:50","guid":{"rendered":"https:\/\/appservicos.com\/noticias\/confira-a-agenda-dos-presidenciaveis-nesta-sexta-feira-4\/"},"modified":"2026-09-04T10:39:01","modified_gmt":"2026-09-04T13:39:01","slug":"confira-a-agenda-dos-presidenciaveis-nesta-sexta-feira-4","status":"publish","type":"post","link":"https:\/\/appservicos.com\/noticias\/confira-a-agenda-dos-presidenciaveis-nesta-sexta-feira-4\/","title":{"rendered":"Confira a agenda dos presidenci\u00e1veis nesta sexta-feira (4)"},"content":{"rendered":"<div>\n<p>A agenda dos presidenci\u00e1veis nesta sexta-feira (4) inclui caminhadas, com\u00edcios e eventos de campanha, al\u00e9m de entrevistas a emissoras de r\u00e1dio e ve\u00edculos de imprensa.\u00a0<\/p>\n<p>Tamb\u00e9m est\u00e3o previstas visitas a institui\u00e7\u00f5es e espa\u00e7os de inova\u00e7\u00e3o, encontros com empres\u00e1rios e representantes do setor produtivo, panfletagem e atividades de apresenta\u00e7\u00e3o de programas eleitorais.<\/p>\n<p><strong>Edmilson Costa (PCB)<\/strong><br \/> Cumpre agenda da secretaria-geral do PCB em Lisboa.\u00a0<\/p>\n<p><strong>Fl\u00e1vio Bolsonaro (PL)<\/strong><br \/> Em S\u00e3o Carlos (SP), visita o Hub de Inova\u00e7\u00e3o ONOVOLAB e faz com\u00edcio em frente ao Mercado Municipal.\u00a0<\/p>\n<p><strong>Hertz Dias (PSTU)<\/strong><br \/> Em Alagoinhas (BA), concede entrevistas \u00e0 93FM e \u00e0 R\u00e1dio Ouro Negro FM e faz panfletagem na Central de Abastecimento. \u00c0 noite, participa de conversa de apresenta\u00e7\u00e3o do programa do PSTU.\u00a0<\/p>\n<p><strong>Luiz In\u00e1cio Lula da Silva (PT)<\/strong><br \/> Participa de caminhada em Juazeiro do Norte (CE), com sa\u00edda da avenida Castelo Branco.<\/p>\n<p><strong>Renan Santos (Miss\u00e3o)\u00a0<\/strong><br \/> Participa de evento de campanha no Teatro Guararapes,em Olinda (PE).\u00a0<\/p>\n<p><strong>Romeu Zema (Novo)\u00a0<\/strong><br \/> Concede entrevista para o jornal Estad\u00e3o. Participa de encontro com representantes da Uni\u00e3o Santa Ifig\u00eania, representa\u00e7\u00e3o institucional do setor produtivo, em S\u00e3o Paulo (SP).\u00a0<\/p>\n<p><strong>Ronaldo Caiado (PSD)<\/strong><br \/> Participa de sabatina para Uol e Folha de S.Paulo. Visita o escrit\u00f3rio de engenharia do Google no instituto de pesquisas tecnol\u00f3gicas (IPT), em S\u00e3o Paulo (SP). \u00c0 noite, participa de sabatina para o programa Veja em Foco, da Veja.<\/p>\n<p><strong>Augusto Cury (Avante)<\/strong><br \/> Em S\u00e3o Jos\u00e9 do Rio Preto (SP), participa de almo\u00e7o com grupo de empres\u00e1rios\u00a0e de visita \u00e0 Funda\u00e7\u00e3o Faculdade Regional de Medicina. Tamb\u00e9m visita o Mercado Municipal e o Cal\u00e7ad\u00e3o da cidade. \u00c0 noite, participa de evento da Educational School.\u00a0<\/p>\n<p>A candidata\u00a0<strong>Samara Martins (UP) <\/strong>e<strong>\u00a0Wilson Grassi (Democrata)\u00a0<\/strong>n\u00e3o t\u00eam agenda p\u00fablica de campanha nesta sexta.\u00a0<\/p>\n<p>Os candidatos <strong>Clariana Bar\u00e3o (Democracia Crist\u00e3)<\/strong>\u00a0e <strong>Rui Costa Pimenta (PCO) <\/strong>n\u00e3o divulgaram a agenda de campanha at\u00e9 o momento desta publica\u00e7\u00e3o.\u00a0<\/p>\n<p>A ordem de apresenta\u00e7\u00e3o da cobertura da agenda dos candidatos a presidente segue rod\u00edzio di\u00e1rio em ordem alfab\u00e9tica.<\/p>\n<\/p><\/div>\n","protected":false},"excerpt":{"rendered":"<p>A agenda dos presidenci\u00e1veis nesta sexta-feira (4) inclui caminhadas, com\u00edcios e eventos de campanha, al\u00e9m de entrevistas a emissoras de r\u00e1dio e ve\u00edculos de imprensa.\u00a0 Tamb\u00e9m est\u00e3o previstas visitas a&hellip;<\/p>\n","protected":false},"author":134,"featured_media":82698,"comment_status":"closed","ping_status":"closed","sticky":false,"template":"","format":"standard","meta":{"_lmt_disableupdate":"","_lmt_disable":"","footnotes":""},"categories":[2],"tags":[],"class_list":["post-82697","post","type-post","status-publish","format-standard","has-post-thumbnail","hentry","category-brasil"],"_links":{"self":[{"href":"https:\/\/appservicos.com\/noticias\/wp-json\/wp\/v2\/posts\/82697","targetHints":{"allow":["GET"]}}],"collection":[{"href":"https:\/\/appservicos.com\/noticias\/wp-json\/wp\/v2\/posts"}],"about":[{"href":"https:\/\/appservicos.com\/noticias\/wp-json\/wp\/v2\/types\/post"}],"author":[{"embeddable":true,"href":"https:\/\/appservicos.com\/noticias\/wp-json\/wp\/v2\/users\/134"}],"replies":[{"embeddable":true,"href":"https:\/\/appservicos.com\/noticias\/wp-json\/wp\/v2\/comments?post=82697"}],"version-history":[{"count":0,"href":"https:\/\/appservicos.com\/noticias\/wp-json\/wp\/v2\/posts\/82697\/revisions"}],"wp:featuredmedia":[{"embeddable":true,"href":"https:\/\/appservicos.com\/noticias\/wp-json\/wp\/v2\/media\/82698"}],"wp:attachment":[{"href":"https:\/\/appservicos.com\/noticias\/wp-json\/wp\/v2\/media?parent=82697"}],"wp:term":[{"taxonomy":"category","embeddable":true,"href":"https:\/\/appservicos.com\/noticias\/wp-json\/wp\/v2\/categories?post=82697"},{"taxonomy":"post_tag","embeddable":true,"href":"https:\/\/appservicos.com\/noticias\/wp-json\/wp\/v2\/tags?post=82697"}],"curies":[{"name":"wp","href":"https:\/\/api.w.org\/{rel}","templated":true}]}}