{"id":82701,"date":"2026-09-04T10:39:05","date_gmt":"2026-09-04T13:39:05","guid":{"rendered":"https:\/\/appservicos.com\/noticias\/estado-e-governo-federal-se-unem-para-retomar-territorios-no-rio\/"},"modified":"2026-09-04T10:39:08","modified_gmt":"2026-09-04T13:39:08","slug":"estado-e-governo-federal-se-unem-para-retomar-territorios-no-rio","status":"publish","type":"post","link":"https:\/\/appservicos.com\/noticias\/estado-e-governo-federal-se-unem-para-retomar-territorios-no-rio\/","title":{"rendered":"Estado e governo federal se unem para retomar territ\u00f3rios no Rio"},"content":{"rendered":"<div>\n<p><strong>Dois acordos de coopera\u00e7\u00e3o t\u00e9cnica assinados entre o Minist\u00e9rio da Justi\u00e7a e Seguran\u00e7a P\u00fablica e o governo do estado do Rio pretendem fortalecer a presen\u00e7a do Estado em \u00e1reas sob influ\u00eancia de organiza\u00e7\u00f5es criminosas, com a retomada de territ\u00f3rios, al\u00e9m da prote\u00e7\u00e3o de corredores log\u00edsticos \u2013 Avenida Brasil, Linha Vermelha, Amarela e acessos a aeroportos.<\/strong><img decoding=\"async\" src=\"https:\/\/agenciabrasil.ebc.com.br\/ebc.png?id=1701512&#038;o=node\"><img decoding=\"async\" src=\"https:\/\/agenciabrasil.ebc.com.br\/ebc.gif?id=1701512&#038;o=node\"><\/p>\n<p>Os documentos foram assinados nessa quinta-feira (3) pelo governador em exerc\u00edcio, desembargador Ricardo Couto, e pelo ministro da Justi\u00e7a e Seguran\u00e7a P\u00fablica, Wellington C\u00e9sar Lima e Silva.<\/p>\n<p>A parceria inclui compartilhamento de informa\u00e7\u00f5es, apoio operacional e integra\u00e7\u00e3o de tecnologias, voltadas ao enfraquecimento das estruturas financeiras e patrimoniais utilizadas pelo crime organizado, de acordo com o desembargador Ricardo Couto.<\/p>\n<blockquote>\n<p>\u201cA parceria entre o Estado e a Uni\u00e3o amplia nossa capacidade de atua\u00e7\u00e3o, com mais intelig\u00eancia, tecnologia e integra\u00e7\u00e3o, para fortalecer a presen\u00e7a do Poder P\u00fablico onde a popula\u00e7\u00e3o mais precisa.\u201d<\/p>\n<\/blockquote>\n<p>A coopera\u00e7\u00e3o poder\u00e1 envolver estruturas especializadas da For\u00e7a Nacional de Seguran\u00e7a P\u00fablica, Pol\u00edcia Federal, Pol\u00edcia Rodovi\u00e1ria Federal e Pol\u00edcia Penal Federal.<\/p>\n<p>Segundo o ministro da Justi\u00e7a e Seguran\u00e7a P\u00fablica, Wellington C\u00e9sar Lima e Silva, est\u00e1 prevista ainda a integra\u00e7\u00e3o entre os sistemas penitenci\u00e1rios federal e estadual, com protocolos voltados ao isolamento de lideran\u00e7as criminosas e \u00e0 interrup\u00e7\u00e3o da comunica\u00e7\u00e3o entre integrantes presos e organiza\u00e7\u00f5es que atuam nos territ\u00f3rios.\u00a0<\/p>\n<blockquote>\n<p>\u201cEssa \u00e9 uma coopera\u00e7\u00e3o federativa no sentido pleno: o estado define suas prioridades territoriais, e a Uni\u00e3o coloca \u00e0 disposi\u00e7\u00e3o suas capacidades operacionais, de intelig\u00eancia e de investiga\u00e7\u00e3o patrimonial.\u201d<\/p>\n<\/blockquote>\n<h2>\u00a0Atua\u00e7\u00e3o<\/h2>\n<p><strong>O combate \u00e0s estruturas econ\u00f4micas usadas por organiza\u00e7\u00f5es criminosas contar\u00e1 com articula\u00e7\u00e3o de institui\u00e7\u00f5es como Receita Federal, Conselho de Controle de Atividades Financeiras (Coaf), Banco Central e ag\u00eancias reguladoras para identificar, bloquear e recuperar ativos ligados ao crime organizado.<\/strong><\/p>\n<p>A atua\u00e7\u00e3o integrada tamb\u00e9m refor\u00e7ar\u00e1 a seguran\u00e7a nos principais corredores log\u00edsticos do estado, como a Avenida Brasil, a Linha Vermelha, a Linha Amarela e os acessos ao Porto do Rio de Janeiro e ao Aeroporto Internacional Tom Jobim.\u00a0<\/p>\n<p>A estrat\u00e9gia estabelece o uso de tecnologias como cercamento eletr\u00f4nico, leitores autom\u00e1ticos de placas, drones e centros integrados de comando e controle. O foco \u00e9 reduzir roubos de cargas e ve\u00edculos, al\u00e9m de fortalecer as investiga\u00e7\u00f5es sobre organiza\u00e7\u00f5es criminosas que atuam nessas regi\u00f5es.<br \/> \u00a0<\/p>\n<\/p><\/div>\n","protected":false},"excerpt":{"rendered":"<p>Dois acordos de coopera\u00e7\u00e3o t\u00e9cnica assinados entre o Minist\u00e9rio da Justi\u00e7a e Seguran\u00e7a P\u00fablica e o governo do estado do Rio pretendem fortalecer a presen\u00e7a do Estado em \u00e1reas sob&hellip;<\/p>\n","protected":false},"author":725,"featured_media":82702,"comment_status":"open","ping_status":"open","sticky":false,"template":"","format":"standard","meta":{"_lmt_disableupdate":"","_lmt_disable":"","footnotes":""},"categories":[6],"tags":[],"class_list":["post-82701","post","type-post","status-publish","format-standard","has-post-thumbnail","hentry","category-regiao"],"_links":{"self":[{"href":"https:\/\/appservicos.com\/noticias\/wp-json\/wp\/v2\/posts\/82701","targetHints":{"allow":["GET"]}}],"collection":[{"href":"https:\/\/appservicos.com\/noticias\/wp-json\/wp\/v2\/posts"}],"about":[{"href":"https:\/\/appservicos.com\/noticias\/wp-json\/wp\/v2\/types\/post"}],"author":[{"embeddable":true,"href":"https:\/\/appservicos.com\/noticias\/wp-json\/wp\/v2\/users\/725"}],"replies":[{"embeddable":true,"href":"https:\/\/appservicos.com\/noticias\/wp-json\/wp\/v2\/comments?post=82701"}],"version-history":[{"count":0,"href":"https:\/\/appservicos.com\/noticias\/wp-json\/wp\/v2\/posts\/82701\/revisions"}],"wp:featuredmedia":[{"embeddable":true,"href":"https:\/\/appservicos.com\/noticias\/wp-json\/wp\/v2\/media\/82702"}],"wp:attachment":[{"href":"https:\/\/appservicos.com\/noticias\/wp-json\/wp\/v2\/media?parent=82701"}],"wp:term":[{"taxonomy":"category","embeddable":true,"href":"https:\/\/appservicos.com\/noticias\/wp-json\/wp\/v2\/categories?post=82701"},{"taxonomy":"post_tag","embeddable":true,"href":"https:\/\/appservicos.com\/noticias\/wp-json\/wp\/v2\/tags?post=82701"}],"curies":[{"name":"wp","href":"https:\/\/api.w.org\/{rel}","templated":true}]}}