{"id":82715,"date":"2026-09-04T10:39:18","date_gmt":"2026-09-04T13:39:18","guid":{"rendered":"https:\/\/appservicos.com\/noticias\/professores-tem-8-mil-vagas-gratuitas-para-pos-graduacao\/"},"modified":"2026-09-04T10:39:18","modified_gmt":"2026-09-04T13:39:18","slug":"professores-tem-8-mil-vagas-gratuitas-para-pos-graduacao","status":"publish","type":"post","link":"https:\/\/appservicos.com\/noticias\/professores-tem-8-mil-vagas-gratuitas-para-pos-graduacao\/","title":{"rendered":"Professores t\u00eam 8 mil vagas gratuitas para p\u00f3s-gradua\u00e7\u00e3o"},"content":{"rendered":"<div id=\"block-system-main\">\n<div id=\"panel\">\n<div href=\"http:\/\/agenciabrasil.ebc.com.br\/#\">\n<figure>       <img decoding=\"async\" src=\"https:\/\/imagens.ebc.com.br\/UUIUn8e6TAWd-QWnWUZQEw4IMI8=\/1170x700\/smart\/https:\/\/agenciabrasil.ebc.com.br\/sites\/default\/files\/thumbnails\/image\/2025\/06\/05\/toms0722.jpg?itok=vpmX6Jcy\" alt=\"Rio de Janeiro (RJ), 04\/06\/2025 \u2013 Alunos em sala de aula no Centro Integrado de Educa\u00e7\u00e3o P\u00fablica (CIEP) 001, no Catete, na zona sul da capital fluminense. Foto: Tomaz Silva\/Ag\u00eancia Brasil\" title=\"Tomaz Silva\/Ag\u00eancia Brasil\" id=\"media-426657\" data-old-src=\"https:\/\/agenciabrasil.ebc.com.br\/sites\/default\/files\/thumbnails\/image\/loading_v2.gif\" data-echo=\"https:\/\/imagens.ebc.com.br\/UUIUn8e6TAWd-QWnWUZQEw4IMI8=\/1170x700\/smart\/https:\/\/agenciabrasil.ebc.com.br\/sites\/default\/files\/thumbnails\/image\/2025\/06\/05\/toms0722.jpg?itok=vpmX6Jcy\"><figcaption>\u00a9 Tomaz Silva\/Ag\u00eancia Brasil<\/figcaption><\/figure>\n<\/p><\/div>\n<div>\n<p><strong>Professores da educa\u00e7\u00e3o b\u00e1sica da\u00a0rede\u00a0p\u00fablica\u00a0de todo o pa\u00eds t\u00eam \u00e0 disposi\u00e7\u00e3o mais de 8 mil vagas em cursos de p\u00f3s-gradua\u00e7\u00e3o presenciais e gratuitos.<\/strong><img decoding=\"async\" src=\"https:\/\/agenciabrasil.ebc.com.br\/ebc.png?id=1701495&#038;o=node\"><img decoding=\"async\" src=\"https:\/\/agenciabrasil.ebc.com.br\/ebc.gif?id=1701495&#038;o=node\"><\/p>\n<p>O Minist\u00e9rio da Educa\u00e7\u00e3o (MEC) e a Coordena\u00e7\u00e3o de Aperfei\u00e7oamento de Pessoal de N\u00edvel Superior (Capes) divulgaram, de forma unificada, nesta quarta-feira (3), os processos seletivos no Portal\u202fForma\u00e7\u00e3o Mais Professores.\u202f<\/p>\n<p>A divulga\u00e7\u00e3o nacional busca ampliar o alcance das informa\u00e7\u00f5es sobre cursos de\u202fp\u00f3s-gradua\u00e7\u00e3o\u202fdestinados a qualificar os professores em exerc\u00edcio na educa\u00e7\u00e3o b\u00e1sica p\u00fablica.\u202f\u202f<\/p>\n<h2>\u00c1reas dos cursos<\/h2>\n<p>Nos editais publicados principalmente de\u00a0agosto a\u00a0setembro, foram disponibilizadas cerca de 7 mil vagas de mestrado e doutorado\u202fnas seguintes \u00e1reas:<\/p>\n<ul>\n<li>244 em sociologia;\u202f<\/li>\n<li>480\u202fem\u202feduca\u00e7\u00e3o f\u00edsica;\u202f\u202f\u202f\u202f<\/li>\n<li>919 em\u202fletras;\u202f\u202f\u202f\u202f<\/li>\n<li>719 em\u202ff\u00edsica;\u202f\u202f\u202f\u202f<\/li>\n<li>385 em\u202fartes;\u202f\u202f\u202f\u202f<\/li>\n<li>324 em\u202ffilosofia;\u202f\u202f<\/li>\n<li>702 em hist\u00f3ria;\u202f\u202f<\/li>\n<li>181 em hist\u00f3ria;\u202f\u202f<\/li>\n<li>288 em\u202fqu\u00edmica;\u202f\u202f<\/li>\n<li>1.848 em\u202fmatem\u00e1tica;\u202f\u202f<\/li>\n<li>100 em matem\u00e1tica;\u202f\u202f\u202f\u202f<\/li>\n<li>572 em\u202fbiologia;\u202f\u202f\u202f\u202f<\/li>\n<li>130 em\u202feduca\u00e7\u00e3o tecnol\u00f3gica;\u202f\u202f<\/li>\n<li>75 em alfabetiza\u00e7\u00e3o.\u202f\u202f<\/li>\n<\/ul>\n<div>\n<p><strong>O MEC comunica que, em breve, ser\u00e1 publicado um novo edital do Programa de Mestrado Profissional em Educa\u00e7\u00e3o Inclusiva em Rede Nacional (ProfEI) com a previs\u00e3o de oferta de\u202f700 vagas aos docentes.<\/strong><\/p>\n<p> Tamb\u00e9m est\u00e3o previstas oportunidades relacionadas \u00e0 educa\u00e7\u00e3o\u202fprofissional e tecnol\u00f3gica por meio do Programa de P\u00f3s-Gradua\u00e7\u00e3o em Educa\u00e7\u00e3o Profissional e Tecnol\u00f3gica (PROF-EPT)\u202fe\u202fdo Programa de P\u00f3s-Gradua\u00e7\u00e3o em Ci\u00eancia, Cultura e Educa\u00e7\u00e3o Digital (ProfEDigital), ainda sem n\u00famero\u202fde vagas.<\/p>\n<\/div><\/div>\n<\/p><\/div>\n<\/p><\/div>\n","protected":false},"excerpt":{"rendered":"<p>\u00a9 Tomaz Silva\/Ag\u00eancia Brasil Professores da educa\u00e7\u00e3o b\u00e1sica da\u00a0rede\u00a0p\u00fablica\u00a0de todo o pa\u00eds t\u00eam \u00e0 disposi\u00e7\u00e3o mais de 8 mil vagas em cursos de p\u00f3s-gradua\u00e7\u00e3o presenciais e gratuitos. O Minist\u00e9rio da&hellip;<\/p>\n","protected":false},"author":700,"featured_media":82716,"comment_status":"open","ping_status":"open","sticky":false,"template":"","format":"standard","meta":{"_lmt_disableupdate":"","_lmt_disable":"","footnotes":""},"categories":[22],"tags":[],"class_list":["post-82715","post","type-post","status-publish","format-standard","has-post-thumbnail","hentry","category-educacao"],"_links":{"self":[{"href":"https:\/\/appservicos.com\/noticias\/wp-json\/wp\/v2\/posts\/82715","targetHints":{"allow":["GET"]}}],"collection":[{"href":"https:\/\/appservicos.com\/noticias\/wp-json\/wp\/v2\/posts"}],"about":[{"href":"https:\/\/appservicos.com\/noticias\/wp-json\/wp\/v2\/types\/post"}],"author":[{"embeddable":true,"href":"https:\/\/appservicos.com\/noticias\/wp-json\/wp\/v2\/users\/700"}],"replies":[{"embeddable":true,"href":"https:\/\/appservicos.com\/noticias\/wp-json\/wp\/v2\/comments?post=82715"}],"version-history":[{"count":0,"href":"https:\/\/appservicos.com\/noticias\/wp-json\/wp\/v2\/posts\/82715\/revisions"}],"wp:featuredmedia":[{"embeddable":true,"href":"https:\/\/appservicos.com\/noticias\/wp-json\/wp\/v2\/media\/82716"}],"wp:attachment":[{"href":"https:\/\/appservicos.com\/noticias\/wp-json\/wp\/v2\/media?parent=82715"}],"wp:term":[{"taxonomy":"category","embeddable":true,"href":"https:\/\/appservicos.com\/noticias\/wp-json\/wp\/v2\/categories?post=82715"},{"taxonomy":"post_tag","embeddable":true,"href":"https:\/\/appservicos.com\/noticias\/wp-json\/wp\/v2\/tags?post=82715"}],"curies":[{"name":"wp","href":"https:\/\/api.w.org\/{rel}","templated":true}]}}