{"id":82723,"date":"2026-09-04T10:39:23","date_gmt":"2026-09-04T13:39:23","guid":{"rendered":"https:\/\/appservicos.com\/noticias\/festival-de-danca-de-cabo-frio-chega-a-20a-edicao\/"},"modified":"2026-09-04T10:39:24","modified_gmt":"2026-09-04T13:39:24","slug":"festival-de-danca-de-cabo-frio-chega-a-20a-edicao","status":"publish","type":"post","link":"https:\/\/appservicos.com\/noticias\/festival-de-danca-de-cabo-frio-chega-a-20a-edicao\/","title":{"rendered":"Festival de Dan\u00e7a de Cabo Frio chega \u00e0 20\u00aa edi\u00e7\u00e3o"},"content":{"rendered":"<div>\n<p>A Regi\u00e3o dos Lagos do Rio\u00a0de\u00a0Janeiro recebe, at\u00e9 a pr\u00f3xima segunda-feira, a 20\u00aa edi\u00e7\u00e3o do\u00a0Festival\u00a0Internacional\u00a0de\u00a0Dan\u00e7a\u00a0de\u00a0Cabo Frio, que re\u00fane diversos profissionais da \u00e1rea, como bailarinos, professores e core\u00f3grafos,\u00a0de\u00a0v\u00e1rios estados e pa\u00edses, como Chile, Argentina e Paraguai.<img decoding=\"async\" src=\"https:\/\/agenciabrasil.ebc.com.br\/ebc.png?id=1701514&#038;o=node\"><img decoding=\"async\" src=\"https:\/\/agenciabrasil.ebc.com.br\/ebc.gif?id=1701514&#038;o=node\"><\/p>\n<p>O evento conta com apresenta\u00e7\u00f5es em diferentes estilos, al\u00e9m\u00a0de\u00a0atividades paralelas, como workshops, interc\u00e2mbio t\u00e9cnico e encontros entre profissionais e novos talentos.<\/p>\n<p>A bailarina e idealizadora do\u00a0festival, M\u00e1rcia Sampaio, explica como surgiu o projeto.<\/p>\n<blockquote>\n<p>\u201cEu tenho uma escola\u00a0de\u00a0dan\u00e7a em Cabo Frio h\u00e1 40 anos, n\u00e9? E sempre senti falta\u00a0de\u00a0um grande evento\u00a0de\u00a0dan\u00e7a aqui na nossa regi\u00e3o. Os bailarinos precisavam viajar para participar\u00a0de\u00a0festivais, fazer cursos, ter contato com outros profissionais. Ent\u00e3o surgiu essa vontade\u00a0de\u00a0trazer tudo isso para Cabo Frio. A gente come\u00e7ou em 2005, ainda sem imaginar a dimens\u00e3o que o\u00a0festival\u00a0teria. E ele foi crescendo, come\u00e7aram a vir bailarinos\u00a0de\u00a0v\u00e1rios estados,\u00a0depois\u00a0de\u00a0outros pa\u00edses, grandes nomes da dan\u00e7a. E hoje estamos aqui na 20\u00aa edi\u00e7\u00e3o\u201d.<\/p>\n<\/blockquote>\n<p>A idealizadora\u00a0destaca ainda a alegria\u00a0deste momento, que, al\u00e9m\u00a0de\u00a0representar os 20 anos do evento, marca o seu retorno para o Gin\u00e1sio Poliesportivo Municipal Alfredo Barreto, local onde o\u00a0festival\u00a0come\u00e7ou, ap\u00f3s a realiza\u00e7\u00e3o\u00a0de\u00a0uma s\u00e9rie\u00a0de\u00a0reformas.<\/p>\n<blockquote>\n<p>\u201cPodemos comemorar esses 20 anos, justamente ali onde tudo come\u00e7ou, e tem um significado muito simb\u00f3lico para a gente. E ainda estamos com um recorde\u00a0de\u00a0inscri\u00e7\u00f5es este ano. Ent\u00e3o \u00e9 uma mistura\u00a0de\u00a0felicidade, orgulho e muita emo\u00e7\u00e3o mesmo\u201d.<\/p>\n<\/blockquote>\n<p>M\u00e1rcia Sampaio acrescenta que a organiza\u00e7\u00e3o do evento procura sempre abrir espa\u00e7o para diferentes estilos. Ela cita as modalidades principais e as faixas et\u00e1rias participantes nesta edi\u00e7\u00e3o.<\/p>\n<blockquote>\n<p>\u201cN\u00f3s temos bal\u00e9 cl\u00e1ssico,\u00a0de\u00a0repert\u00f3rio, n\u00f3s temos bal\u00e9 neocl\u00e1ssico, dan\u00e7a contempor\u00e2nea, jazz, dan\u00e7as urbanas, dan\u00e7as populares e estilo livre. E temos tamb\u00e9m v\u00e1rias faixas et\u00e1rias e n\u00edveis\u00a0desde crian\u00e7a at\u00e9 bailarinos avan\u00e7ados e profissionais. Ent\u00e3o \u00e9 um\u00a0festival\u00a0bem diversificado\u201d.<\/p>\n<\/blockquote>\n<p>\u00a0A Mostra Competitiva conta com um j\u00fari formado por profissionais experientes da dan\u00e7a, como a bailarina Ana Botafogo e o core\u00f3grafo Caio Nunes. M\u00e1rcia explica como funciona a escolha dos vencedores.<\/p>\n<blockquote>\n<p>\u201cEles avaliam as coreografias, os bailarinos\u00a0dentro dos seus crit\u00e9rios t\u00e9cnicos, art\u00edsticos do\u00a0festival. Al\u00e9m\u00a0de\u00a0medalhas e trof\u00e9u, temos 20.000 em pr\u00eamios em dinheiro distribu\u00eddo entre v\u00e1rias categorias. Temos pr\u00eamios para melhor bailarina, melhor bailarino, revela\u00e7\u00e3o, melhor core\u00f3grafo, melhor duo, pas\u00a0de\u00a0deux, tamb\u00e9m um grande pr\u00eamio especial para o melhor grupo\u00a0de\u00a0Cabo Frio\u201d.<\/p>\n<\/blockquote>\n<p>Al\u00e9m da contribui\u00e7\u00e3o cultural, o evento ainda movimenta a\u00a0 economia\u00a0de\u00a0Cabo Frio, com impactos na rede hoteleira e no com\u00e9rcio.<\/p>\n<p>A entrada na 20\u00aa edi\u00e7\u00e3o do\u00a0Festival\u00a0Internacional\u00a0de\u00a0Dan\u00e7a\u00a0de\u00a0Cabo Frio \u00e9 solid\u00e1ria, com a doa\u00e7\u00e3o\u00a0de\u00a0um quilo\u00a0de\u00a0alimento.<\/p>\n<\/p><\/div>\n","protected":false},"excerpt":{"rendered":"<p>A Regi\u00e3o dos Lagos do Rio\u00a0de\u00a0Janeiro recebe, at\u00e9 a pr\u00f3xima segunda-feira, a 20\u00aa edi\u00e7\u00e3o do\u00a0Festival\u00a0Internacional\u00a0de\u00a0Dan\u00e7a\u00a0de\u00a0Cabo Frio, que re\u00fane diversos profissionais da \u00e1rea, como bailarinos, professores e core\u00f3grafos,\u00a0de\u00a0v\u00e1rios estados e pa\u00edses,&hellip;<\/p>\n","protected":false},"author":849,"featured_media":82724,"comment_status":"open","ping_status":"open","sticky":false,"template":"","format":"standard","meta":{"_lmt_disableupdate":"","_lmt_disable":"","footnotes":""},"categories":[23],"tags":[],"class_list":["post-82723","post","type-post","status-publish","format-standard","has-post-thumbnail","hentry","category-famosos-tv"],"_links":{"self":[{"href":"https:\/\/appservicos.com\/noticias\/wp-json\/wp\/v2\/posts\/82723","targetHints":{"allow":["GET"]}}],"collection":[{"href":"https:\/\/appservicos.com\/noticias\/wp-json\/wp\/v2\/posts"}],"about":[{"href":"https:\/\/appservicos.com\/noticias\/wp-json\/wp\/v2\/types\/post"}],"author":[{"embeddable":true,"href":"https:\/\/appservicos.com\/noticias\/wp-json\/wp\/v2\/users\/849"}],"replies":[{"embeddable":true,"href":"https:\/\/appservicos.com\/noticias\/wp-json\/wp\/v2\/comments?post=82723"}],"version-history":[{"count":0,"href":"https:\/\/appservicos.com\/noticias\/wp-json\/wp\/v2\/posts\/82723\/revisions"}],"wp:featuredmedia":[{"embeddable":true,"href":"https:\/\/appservicos.com\/noticias\/wp-json\/wp\/v2\/media\/82724"}],"wp:attachment":[{"href":"https:\/\/appservicos.com\/noticias\/wp-json\/wp\/v2\/media?parent=82723"}],"wp:term":[{"taxonomy":"category","embeddable":true,"href":"https:\/\/appservicos.com\/noticias\/wp-json\/wp\/v2\/categories?post=82723"},{"taxonomy":"post_tag","embeddable":true,"href":"https:\/\/appservicos.com\/noticias\/wp-json\/wp\/v2\/tags?post=82723"}],"curies":[{"name":"wp","href":"https:\/\/api.w.org\/{rel}","templated":true}]}}