{"id":82725,"date":"2026-09-04T10:39:22","date_gmt":"2026-09-04T13:39:22","guid":{"rendered":"https:\/\/appservicos.com\/noticias\/bienal-do-livro-de-sao-paulo-deve-receber-mais-de-700-mil-pessoas\/"},"modified":"2026-09-04T10:39:25","modified_gmt":"2026-09-04T13:39:25","slug":"bienal-do-livro-de-sao-paulo-deve-receber-mais-de-700-mil-pessoas","status":"publish","type":"post","link":"https:\/\/appservicos.com\/noticias\/bienal-do-livro-de-sao-paulo-deve-receber-mais-de-700-mil-pessoas\/","title":{"rendered":"Bienal do Livro de S\u00e3o Paulo deve receber mais de 700 mil pessoas"},"content":{"rendered":"<div>\n<p>A<strong> Bienal Internacional do Livro de S\u00e3o Paulo <\/strong>come\u00e7a nesta sexta-feira (4). O evento chega \u00e0 edi\u00e7\u00e3o de n\u00famero 28 com a presen\u00e7a de cerca de 350 autores e expectativa de receber mais de 700\u00a0mil pessoas.\u00a0<img decoding=\"async\" src=\"https:\/\/agenciabrasil.ebc.com.br\/ebc.png?id=1701500&#038;o=node\"><img decoding=\"async\" src=\"https:\/\/agenciabrasil.ebc.com.br\/ebc.gif?id=1701500&#038;o=node\"><\/p>\n<p>At\u00e9 o dia 13 de setembro, o Distrito Anhembi se torna o destino dos apaixonados por livros. O evento traz cerca de 270 expositores e onze espa\u00e7os tem\u00e1ticos, dedicados a debates sobre literatura, discuss\u00f5es sobre mercado editorial, atividades educativas, apresenta\u00e7\u00e3o de cordelistas e repentistas, al\u00e9m de um est\u00fadio com mais de 30 transmiss\u00f5es ao vivo em formato videocast e encontros com autores reconhecidos pelo Pr\u00eamio Jabuti.\u00a0<\/p>\n<p>A abertura das palestras fica por conta da escritora <strong>Concei\u00e7\u00e3o Evaristo<\/strong>, que fala sobre seus 80 anos de escreviv\u00eancia, na conversa sobre mem\u00f3ria e ancestralidade em sua obra com a escritora <strong>Eliana Alves Cruz.<\/strong>\u00a0<\/p>\n<div>\n<p><img decoding=\"async\" src=\"https:\/\/imagens.ebc.com.br\/vsiBcp-VuZAn8N7jNx4jCD-uaQM=\/463x0\/smart\/https:\/\/agenciabrasil.ebc.com.br\/sites\/default\/files\/thumbnails\/image\/_mg_5617_0.jpg?itok=hdTqcki3\" alt=\"Rio de Janeiro (RJ), 20\/07\/2023 - A escritora Concei\u00e7\u00e3o Evaristo lan\u00e7a a Casa Escreviv\u00eancia, um espa\u00e7o aberto ao p\u00fablico com biblioteca, no Largo da Prainha. Foto: Fernando Fraz\u00e3o\/Ag\u00eancia Brasil\" title=\"Fernando Fraz\u00e3o\/Ag\u00eancia Brasil\" data-old-src=\"https:\/\/agenciabrasil.ebc.com.br\/sites\/default\/files\/thumbnails\/image\/loading_v2.gif\" data-echo=\"https:\/\/imagens.ebc.com.br\/vsiBcp-VuZAn8N7jNx4jCD-uaQM=\/463x0\/smart\/https:\/\/agenciabrasil.ebc.com.br\/sites\/default\/files\/thumbnails\/image\/_mg_5617_0.jpg?itok=hdTqcki3\"><\/p>\n<\/div>\n<p>A Bienal do Livro re\u00fane mais de 300\u00a0autores de g\u00eaneros e estilos variados, como <strong>Andrea del Fuego, Socorro Acioli, Daniel Munduruku e Jos\u00e9 Falero<\/strong>.\u00a0<\/p>\n<p>Uma das grandes obras da literatura brasileira,<strong> \u201cGrande Sert\u00e3o: Veredas\u201d<\/strong>, de<strong> Jo\u00e3o Guimar\u00e3es Rosa<\/strong>, \u00e9 celebrada nos 70 anos de sua publica\u00e7\u00e3o em uma mesa que re\u00fane o escritor mo\u00e7ambicano Mia Couto, a escritora brasileira Bruna Lombardi e o cr\u00edtico liter\u00e1rio Italo Moriconi.\u00a0<\/p>\n<p>Entre as novidades deste ano est\u00e3o a Alameda dos Artistas, dedicada \u00e0s hist\u00f3rias em quadrinhos brasileiras, com encontros entre leitores e quadrinistas, e um espa\u00e7o que vai discutir sa\u00fade e bem-estar.\u00a0<\/p>\n<p>O evento oferece a pol\u00edtica de cashback para incentivar a compra de livros durante a visita, valendo inclusive para os ingressos noturnos, ap\u00f3s as 17h. O valor desses gastos pode ser convertido integralmente em cr\u00e9ditos para compra de livros na Bienal.<\/p>\n<p>Um transfer gratuito vai levar e trazer o p\u00fablico ao metr\u00f4 Portuguesa-Tiet\u00ea\u00a0a partir de uma hora antes e at\u00e9 uma hora depois do encerramento. O ingresso custa entre R$15 e R$ 30, e a entrada \u00e9 gratuita para quem tem credencial plena do Sesc. Alguns dias j\u00e1 est\u00e3o com ingressos esgotados.\u00a0Os detalhes est\u00e3o no site\u00a0bienaldolivrosp.com.br.http:\/\/bienaldolivrosp.com.br<\/p>\n<\/p><\/div>\n","protected":false},"excerpt":{"rendered":"<p>A Bienal Internacional do Livro de S\u00e3o Paulo come\u00e7a nesta sexta-feira (4). O evento chega \u00e0 edi\u00e7\u00e3o de n\u00famero 28 com a presen\u00e7a de cerca de 350 autores e expectativa&hellip;<\/p>\n","protected":false},"author":928,"featured_media":82726,"comment_status":"open","ping_status":"open","sticky":false,"template":"","format":"standard","meta":{"_lmt_disableupdate":"","_lmt_disable":"","footnotes":""},"categories":[23],"tags":[],"class_list":["post-82725","post","type-post","status-publish","format-standard","has-post-thumbnail","hentry","category-famosos-tv"],"_links":{"self":[{"href":"https:\/\/appservicos.com\/noticias\/wp-json\/wp\/v2\/posts\/82725","targetHints":{"allow":["GET"]}}],"collection":[{"href":"https:\/\/appservicos.com\/noticias\/wp-json\/wp\/v2\/posts"}],"about":[{"href":"https:\/\/appservicos.com\/noticias\/wp-json\/wp\/v2\/types\/post"}],"author":[{"embeddable":true,"href":"https:\/\/appservicos.com\/noticias\/wp-json\/wp\/v2\/users\/928"}],"replies":[{"embeddable":true,"href":"https:\/\/appservicos.com\/noticias\/wp-json\/wp\/v2\/comments?post=82725"}],"version-history":[{"count":0,"href":"https:\/\/appservicos.com\/noticias\/wp-json\/wp\/v2\/posts\/82725\/revisions"}],"wp:featuredmedia":[{"embeddable":true,"href":"https:\/\/appservicos.com\/noticias\/wp-json\/wp\/v2\/media\/82726"}],"wp:attachment":[{"href":"https:\/\/appservicos.com\/noticias\/wp-json\/wp\/v2\/media?parent=82725"}],"wp:term":[{"taxonomy":"category","embeddable":true,"href":"https:\/\/appservicos.com\/noticias\/wp-json\/wp\/v2\/categories?post=82725"},{"taxonomy":"post_tag","embeddable":true,"href":"https:\/\/appservicos.com\/noticias\/wp-json\/wp\/v2\/tags?post=82725"}],"curies":[{"name":"wp","href":"https:\/\/api.w.org\/{rel}","templated":true}]}}