{"id":82727,"date":"2026-09-04T10:39:21","date_gmt":"2026-09-04T13:39:21","guid":{"rendered":"https:\/\/appservicos.com\/noticias\/fortaleza-recebe-oitava-edicao-do-fenacce-a-partir-desta-sexta-feira\/"},"modified":"2026-09-04T10:39:27","modified_gmt":"2026-09-04T13:39:27","slug":"fortaleza-recebe-oitava-edicao-do-fenacce-a-partir-desta-sexta-feira","status":"publish","type":"post","link":"https:\/\/appservicos.com\/noticias\/fortaleza-recebe-oitava-edicao-do-fenacce-a-partir-desta-sexta-feira\/","title":{"rendered":"Fortaleza recebe oitava edi\u00e7\u00e3o do Fenacce a partir desta sexta-feira"},"content":{"rendered":"<div>\n<p>A oitava edi\u00e7\u00e3o do Fenacce, Festival Nacional de Artesanato e Cultura do Cear\u00e1, ser\u00e1 aberta nesta sexta-feira (4), \u00e0s 15h. O evento vai at\u00e9 o dia 13 deste m\u00eas, no Centro de Eventos do Cear\u00e1. <strong>O tema \u00e9 &#8220;Cultura que transforma&#8221;, e as atividades abrangem artesanato, cultura, m\u00fasica, gastronomia e oportunidades de neg\u00f3cios.<\/strong><img decoding=\"async\" src=\"https:\/\/agenciabrasil.ebc.com.br\/ebc.png?id=1701486&#038;o=node\"><img decoding=\"async\" src=\"https:\/\/agenciabrasil.ebc.com.br\/ebc.gif?id=1701486&#038;o=node\"><\/p>\n<p><strong>Stella Pavan<\/strong>, promotora do Fenacce, fala sobre a iniciativa:<\/p>\n<blockquote>\n<p>&#8220;Mais de tr\u00eas mil artes\u00e3os do Brasil inteiro, onde teremos palestras, shows, gastronomia e cultura; tudo isso em um \u00fanico lugar. Todos os estados brasileiros e o melhor do artesanato.&#8221;<\/p>\n<\/blockquote>\n<h3>Programa\u00e7\u00e3o<\/h3>\n<p>Nesta sexta-feira, \u00e0s 19h, o p\u00fablico poder\u00e1 conferir o show de Suzy Navarro no palco principal. No s\u00e1bado (5), a partir do meio-dia, o projeto Almo\u00e7o Convida apresenta o musical Nova Cor. \u00c0s 19h30, haver\u00e1 show de Marcos Lessa e convidados. No domingo (6), haver\u00e1 oficinas de argila, modelagem, t\u00e9cnicas com fios e tecidos, fuxico, croch\u00ea e reaproveitamento de materiais. Na Arena Senac, o p\u00fablico poder\u00e1 acompanhar atividades gastron\u00f4micas, com foco em preparos que valorizam ingredientes e sabores brasileiros.<\/p>\n<p>A programa\u00e7\u00e3o completa pode ser conferida nas redes sociais do Fenacce: Festival Nacional de Artesanato e Cultura do Cear\u00e1.<\/p>\n<\/p><\/div>\n","protected":false},"excerpt":{"rendered":"<p>A oitava edi\u00e7\u00e3o do Fenacce, Festival Nacional de Artesanato e Cultura do Cear\u00e1, ser\u00e1 aberta nesta sexta-feira (4), \u00e0s 15h. O evento vai at\u00e9 o dia 13 deste m\u00eas, no&hellip;<\/p>\n","protected":false},"author":1,"featured_media":82728,"comment_status":"open","ping_status":"open","sticky":false,"template":"","format":"standard","meta":{"_lmt_disableupdate":"","_lmt_disable":"","footnotes":""},"categories":[23],"tags":[],"class_list":["post-82727","post","type-post","status-publish","format-standard","has-post-thumbnail","hentry","category-famosos-tv"],"_links":{"self":[{"href":"https:\/\/appservicos.com\/noticias\/wp-json\/wp\/v2\/posts\/82727","targetHints":{"allow":["GET"]}}],"collection":[{"href":"https:\/\/appservicos.com\/noticias\/wp-json\/wp\/v2\/posts"}],"about":[{"href":"https:\/\/appservicos.com\/noticias\/wp-json\/wp\/v2\/types\/post"}],"author":[{"embeddable":true,"href":"https:\/\/appservicos.com\/noticias\/wp-json\/wp\/v2\/users\/1"}],"replies":[{"embeddable":true,"href":"https:\/\/appservicos.com\/noticias\/wp-json\/wp\/v2\/comments?post=82727"}],"version-history":[{"count":0,"href":"https:\/\/appservicos.com\/noticias\/wp-json\/wp\/v2\/posts\/82727\/revisions"}],"wp:featuredmedia":[{"embeddable":true,"href":"https:\/\/appservicos.com\/noticias\/wp-json\/wp\/v2\/media\/82728"}],"wp:attachment":[{"href":"https:\/\/appservicos.com\/noticias\/wp-json\/wp\/v2\/media?parent=82727"}],"wp:term":[{"taxonomy":"category","embeddable":true,"href":"https:\/\/appservicos.com\/noticias\/wp-json\/wp\/v2\/categories?post=82727"},{"taxonomy":"post_tag","embeddable":true,"href":"https:\/\/appservicos.com\/noticias\/wp-json\/wp\/v2\/tags?post=82727"}],"curies":[{"name":"wp","href":"https:\/\/api.w.org\/{rel}","templated":true}]}}