{"id":82729,"date":"2026-09-04T10:39:20","date_gmt":"2026-09-04T13:39:20","guid":{"rendered":"https:\/\/appservicos.com\/noticias\/rock-in-rio-vai-contar-com-reforco-no-transporte-e-na-seguranca\/"},"modified":"2026-09-04T10:39:28","modified_gmt":"2026-09-04T13:39:28","slug":"rock-in-rio-vai-contar-com-reforco-no-transporte-e-na-seguranca","status":"publish","type":"post","link":"https:\/\/appservicos.com\/noticias\/rock-in-rio-vai-contar-com-reforco-no-transporte-e-na-seguranca\/","title":{"rendered":"Rock in Rio vai contar com refor\u00e7o no transporte e na seguran\u00e7a"},"content":{"rendered":"<div>\n<p>Com a expectativa de receber cerca de 100 mil pessoas por dia, o <strong>Rock in Rio 2026 <\/strong>come\u00e7a nesta sexta-feira (4) com um <strong>grande esquema de tr\u00e2nsito<\/strong> durante os dias do evento. A Secretaria de Transporte e Mobilidade Urbana do Estado orienta os participantes a planejar seus deslocamentos.<img decoding=\"async\" src=\"https:\/\/agenciabrasil.ebc.com.br\/ebc.png?id=1701484&#038;o=node\"><img decoding=\"async\" src=\"https:\/\/agenciabrasil.ebc.com.br\/ebc.gif?id=1701484&#038;o=node\"><\/p>\n<h3>Trilhos e rodas<\/h3>\n<p>Os trens e metr\u00f4s v\u00e3o contar com <strong>opera\u00e7\u00e3o especial de 24 horas<\/strong>\u00a0durante o Festival. As esta\u00e7\u00f5es de trem Central do Brasil, Madureira e Deodoro v\u00e3o funcionar durante toda a madrugada com <strong>viagens de hora em hora<\/strong>, facilitando a integra\u00e7\u00e3o com o sistema do metr\u00f4 e o BRT.<\/p>\n<p><strong>Trens extras<\/strong> tamb\u00e9m foram disponibilizados para o retorno do evento, com partidas da esta\u00e7\u00e3o Deodoro, com destino \u00e0 Central do Brasil,\u00a0e da Central do Brasil para outros locais.<\/p>\n<p>No metr\u00f4, a esta\u00e7\u00e3o Jardim Oce\u00e2nico\/Barra da Tijuca, terminal de integra\u00e7\u00e3o com o servi\u00e7o especial <strong>BRT Rock in Rio<\/strong>, vai ficar aberta 24 horas para embarque. As demais v\u00e3o funcionar em seu hor\u00e1rio normal para embarque e, durante a madrugada, ficam abertas apenas para desembarque.<\/p>\n<h3>Seguran\u00e7a\u00a0<\/h3>\n<p>O evento conta ainda com um esquema especial de seguran\u00e7a p\u00fablica, com <strong>mais de 7.500 agentes<\/strong>, al\u00e9m de c\u00e2meras de <strong>reconhecimento facial<\/strong> e um novo sistema de defesa do espa\u00e7o a\u00e9reo para <strong>combate a drones<\/strong>. Al\u00e9m disso, a organiza\u00e7\u00e3o do festival conta com 1.600 profissionais de seguran\u00e7a privada.<\/p>\n<p>A Pol\u00edcia Civil vai atuar no local com foco na preven\u00e7\u00e3o e repress\u00e3o a furtos e roubos, especialmente de celulares, al\u00e9m do atendimento r\u00e1pido \u00e0s ocorr\u00eancias, com a disponibiliza\u00e7\u00e3o de tablets para o registro digital.<\/p>\n<p>O Departamento de Transportes Rodovi\u00e1rios realiza tamb\u00e9m uma opera\u00e7\u00e3o para o combate ao transporte ilegal de passageiros e vai acompanhar o transporte regular em todos os dias de shows.<\/p>\n<p>O Rock in Rio acontece nesta sexta-feira, no s\u00e1bado, no domingo e na segunda-feira, e de sexta a domingo da semana que vem, no Parque Ol\u00edmpico, na zona sudoeste do Rio.<\/p>\n<\/p><\/div>\n","protected":false},"excerpt":{"rendered":"<p>Com a expectativa de receber cerca de 100 mil pessoas por dia, o Rock in Rio 2026 come\u00e7a nesta sexta-feira (4) com um grande esquema de tr\u00e2nsito durante os dias&hellip;<\/p>\n","protected":false},"author":849,"featured_media":82730,"comment_status":"open","ping_status":"open","sticky":false,"template":"","format":"standard","meta":{"_lmt_disableupdate":"","_lmt_disable":"","footnotes":""},"categories":[23],"tags":[],"class_list":["post-82729","post","type-post","status-publish","format-standard","has-post-thumbnail","hentry","category-famosos-tv"],"_links":{"self":[{"href":"https:\/\/appservicos.com\/noticias\/wp-json\/wp\/v2\/posts\/82729","targetHints":{"allow":["GET"]}}],"collection":[{"href":"https:\/\/appservicos.com\/noticias\/wp-json\/wp\/v2\/posts"}],"about":[{"href":"https:\/\/appservicos.com\/noticias\/wp-json\/wp\/v2\/types\/post"}],"author":[{"embeddable":true,"href":"https:\/\/appservicos.com\/noticias\/wp-json\/wp\/v2\/users\/849"}],"replies":[{"embeddable":true,"href":"https:\/\/appservicos.com\/noticias\/wp-json\/wp\/v2\/comments?post=82729"}],"version-history":[{"count":0,"href":"https:\/\/appservicos.com\/noticias\/wp-json\/wp\/v2\/posts\/82729\/revisions"}],"wp:featuredmedia":[{"embeddable":true,"href":"https:\/\/appservicos.com\/noticias\/wp-json\/wp\/v2\/media\/82730"}],"wp:attachment":[{"href":"https:\/\/appservicos.com\/noticias\/wp-json\/wp\/v2\/media?parent=82729"}],"wp:term":[{"taxonomy":"category","embeddable":true,"href":"https:\/\/appservicos.com\/noticias\/wp-json\/wp\/v2\/categories?post=82729"},{"taxonomy":"post_tag","embeddable":true,"href":"https:\/\/appservicos.com\/noticias\/wp-json\/wp\/v2\/tags?post=82729"}],"curies":[{"name":"wp","href":"https:\/\/api.w.org\/{rel}","templated":true}]}}