{"id":82731,"date":"2026-09-04T10:39:19","date_gmt":"2026-09-04T13:39:19","guid":{"rendered":"https:\/\/appservicos.com\/noticias\/palco-brasil-festival-reune-grandes-nomes-da-mpb-em-fortaleza\/"},"modified":"2026-09-04T10:39:31","modified_gmt":"2026-09-04T13:39:31","slug":"palco-brasil-festival-reune-grandes-nomes-da-mpb-em-fortaleza","status":"publish","type":"post","link":"https:\/\/appservicos.com\/noticias\/palco-brasil-festival-reune-grandes-nomes-da-mpb-em-fortaleza\/","title":{"rendered":"Palco Brasil: Festival re\u00fane grandes nomes da MPB em Fortaleza"},"content":{"rendered":"<div>\n<p>A Caixa Cultural Fortaleza recebe, a partir desta quinta-feira (3), a 3\u00aa edi\u00e7\u00e3o do <strong>Festival Palco Brasil<\/strong>, que re\u00fane grandes nomes da <strong>M\u00fasica Popular Brasileira<\/strong>\u00a0em uma s\u00e9rie de apresenta\u00e7\u00f5es. Os artistas participantes s\u00e3o Rachel Reis, Sandra S\u00e1, Chico C\u00e9sar e Mariana Aydar.<img decoding=\"async\" src=\"https:\/\/agenciabrasil.ebc.com.br\/ebc.png?id=1701476&#038;o=node\"><img decoding=\"async\" src=\"https:\/\/agenciabrasil.ebc.com.br\/ebc.gif?id=1701476&#038;o=node\"><\/p>\n<p>O evento privilegia a diversidade de ritmos, refer\u00eancias e sotaques que fazem parte da m\u00fasica brasileira.<\/p>\n<p>O formato das apresenta\u00e7\u00f5es \u00e9 intimista, com destaque para os diferentes momentos das trajet\u00f3rias dos cantores. <strong>Rachel Reis<\/strong> abre o Festival, com o show de Divina Casca, seu segundo \u00e1lbum de est\u00fadio, al\u00e9m de m\u00fasicas dos trabalhos Meu Esquema e No Seu Radinho.<\/p>\n<p>Sexta e s\u00e1bado s\u00e3o os dias de <strong>Sandra S\u00e1<\/strong>, considerada uma das grandes vozes brasileiras. Dona de um repert\u00f3rio variado, com sucessos de seus quarenta anos de carreira, como \u201cBye Bye Tristeza\u201d e \u201cOlhos Coloridos\u201d. ela vai misturar ritmos como MPB, soul, samba e funk.<\/p>\n<p>Na quinta e sexta-feira da semana que vem, quem sobe aos palcos \u00e9 o cantor <strong>Chico C\u00e9sar<\/strong>, trazendo m\u00fasicas do \u00e1lbum FOFO, o 11\u00ba de sua carreira. O artista vai revisitar ainda sucessos de sua trajet\u00f3ria e cantar m\u00fasicas in\u00e9ditas, em um show diversificado.<\/p>\n<p>Encerrando o Palco Brasil, no s\u00e1bado, \u00e9 a vez de <strong>Mariana Aydar<\/strong>, com o show Forrozin. A cantora, compositora e\u200b\u200b instrumentista apresenta uma celebra\u00e7\u00e3o da diversidade musical do Nordeste, reunindo forr\u00f3, xote, maracatu, afox\u00e9, ax\u00e9 e arrocha. O repert\u00f3rio faz refer\u00eancia a importantes nomes, como Dominguinhos e Geraldo Azevedo, e dialoga com momentos da m\u00fasica brasileira.<\/p>\n<p>As apresenta\u00e7\u00f5es acontecem sempre \u00e0s 19h, com ingressos a R$ 30. A Caixa\u00a0Cultural Fortaleza\u00a0est\u00e1 localizada na Praia de Iracema, no corredor cultural e tur\u00edstico da capital cearense.<\/p>\n<\/p><\/div>\n","protected":false},"excerpt":{"rendered":"<p>A Caixa Cultural Fortaleza recebe, a partir desta quinta-feira (3), a 3\u00aa edi\u00e7\u00e3o do Festival Palco Brasil, que re\u00fane grandes nomes da M\u00fasica Popular Brasileira\u00a0em uma s\u00e9rie de apresenta\u00e7\u00f5es. Os&hellip;<\/p>\n","protected":false},"author":849,"featured_media":82732,"comment_status":"open","ping_status":"open","sticky":false,"template":"","format":"standard","meta":{"_lmt_disableupdate":"","_lmt_disable":"","footnotes":""},"categories":[23],"tags":[],"class_list":["post-82731","post","type-post","status-publish","format-standard","has-post-thumbnail","hentry","category-famosos-tv"],"_links":{"self":[{"href":"https:\/\/appservicos.com\/noticias\/wp-json\/wp\/v2\/posts\/82731","targetHints":{"allow":["GET"]}}],"collection":[{"href":"https:\/\/appservicos.com\/noticias\/wp-json\/wp\/v2\/posts"}],"about":[{"href":"https:\/\/appservicos.com\/noticias\/wp-json\/wp\/v2\/types\/post"}],"author":[{"embeddable":true,"href":"https:\/\/appservicos.com\/noticias\/wp-json\/wp\/v2\/users\/849"}],"replies":[{"embeddable":true,"href":"https:\/\/appservicos.com\/noticias\/wp-json\/wp\/v2\/comments?post=82731"}],"version-history":[{"count":0,"href":"https:\/\/appservicos.com\/noticias\/wp-json\/wp\/v2\/posts\/82731\/revisions"}],"wp:featuredmedia":[{"embeddable":true,"href":"https:\/\/appservicos.com\/noticias\/wp-json\/wp\/v2\/media\/82732"}],"wp:attachment":[{"href":"https:\/\/appservicos.com\/noticias\/wp-json\/wp\/v2\/media?parent=82731"}],"wp:term":[{"taxonomy":"category","embeddable":true,"href":"https:\/\/appservicos.com\/noticias\/wp-json\/wp\/v2\/categories?post=82731"},{"taxonomy":"post_tag","embeddable":true,"href":"https:\/\/appservicos.com\/noticias\/wp-json\/wp\/v2\/tags?post=82731"}],"curies":[{"name":"wp","href":"https:\/\/api.w.org\/{rel}","templated":true}]}}