{"id":82733,"date":"2026-09-04T10:39:18","date_gmt":"2026-09-04T13:39:18","guid":{"rendered":"https:\/\/appservicos.com\/noticias\/festival-internacional-de-danca-do-recife-tem-mais-de-30-atividades\/"},"modified":"2026-09-04T10:39:33","modified_gmt":"2026-09-04T13:39:33","slug":"festival-internacional-de-danca-do-recife-tem-mais-de-30-atividades","status":"publish","type":"post","link":"https:\/\/appservicos.com\/noticias\/festival-internacional-de-danca-do-recife-tem-mais-de-30-atividades\/","title":{"rendered":"Festival Internacional de Dan\u00e7a do Recife tem mais de 30 atividades"},"content":{"rendered":"<div>\n<p>A partir desta quinta-feira (3) at\u00e9 o dia 13 de setembro, a <strong>cidade do Recife recebe mais de 30 atividades dedicadas \u00e0 dan\u00e7a<\/strong>. \u00c9 o <strong>Festival Internacional de Dan\u00e7a do Recife<\/strong>, que tamb\u00e9m tem cinema, graffiti e apresenta\u00e7\u00f5es de rua.<img decoding=\"async\" src=\"https:\/\/agenciabrasil.ebc.com.br\/ebc.png?id=1701469&#038;o=node\"><img decoding=\"async\" src=\"https:\/\/agenciabrasil.ebc.com.br\/ebc.gif?id=1701469&#038;o=node\"><\/p>\n<p>Todas as atra\u00e7\u00f5es s\u00e3o de gra\u00e7a. O p\u00fablico pode colaborar, de forma solid\u00e1ria, com a doa\u00e7\u00e3o de alimentos n\u00e3o perec\u00edveis.<\/p>\n<p>O festival come\u00e7a\u00a0nesta quinta, \u00e0s 20h30, na Rua do Observat\u00f3rio, com o espet\u00e1culo Nosso Baile, criado pelo core\u00f3grafo goiano Henrique Rodovalho.<\/p>\n<p>No s\u00e1bado, a Avenida Rio Branco recebe o CarnaBall do Futuro, uma batalha de dan\u00e7a para o p\u00fablico LGBTQIAPN+ que celebra as tradi\u00e7\u00f5es do carnaval.<\/p>\n<p>Com o tema &#8220;Corpo\/Escola &#8211; Forma\u00e7\u00e3o que Move&#8221;, o <strong>festival homenageia duas refer\u00eancias da dan\u00e7a pernambucana: Airton Ten\u00f3rio<\/strong>, core\u00f3grafo que ajudou a formar gera\u00e7\u00f5es de artistas, falecido no m\u00eas de julho; e a <strong>Escola de Frevo do Recife<\/strong>, com 30 anos de exist\u00eancia, estreando o espet\u00e1culo O Frevo da Meia-Noite\u00a0na quarta-feira da pr\u00f3xima semana.<\/p>\n<p>Nesse mesmo dia, o<strong> grupo espanhol Iron Skulls se apresenta, pela primeira vez na Am\u00e9rica Latina<\/strong> com o espet\u00e1culo Famulus 4.0, uma mistura de dan\u00e7a e tecnologia, com a participa\u00e7\u00e3o de um rob\u00f4 no palco. A apresenta\u00e7\u00e3o ser\u00e1 no Teatro do Parque, Centro do Recife.<\/p>\n<p>O festival tamb\u00e9m conta com o projeto Primeira Cena, para novos grupos de dan\u00e7a mostrarem seus trabalhos; al\u00e9m de uma s\u00e9rie de oficinas de forma\u00e7\u00e3o art\u00edstica.<\/p>\n<p>A programa\u00e7\u00e3o completa do Festival Internacional de Dan\u00e7a est\u00e1 no site da prefeitura do Recife.<\/p>\n<\/p><\/div>\n","protected":false},"excerpt":{"rendered":"<p>A partir desta quinta-feira (3) at\u00e9 o dia 13 de setembro, a cidade do Recife recebe mais de 30 atividades dedicadas \u00e0 dan\u00e7a. \u00c9 o Festival Internacional de Dan\u00e7a do&hellip;<\/p>\n","protected":false},"author":722,"featured_media":82734,"comment_status":"open","ping_status":"open","sticky":false,"template":"","format":"standard","meta":{"_lmt_disableupdate":"","_lmt_disable":"","footnotes":""},"categories":[23],"tags":[],"class_list":["post-82733","post","type-post","status-publish","format-standard","has-post-thumbnail","hentry","category-famosos-tv"],"_links":{"self":[{"href":"https:\/\/appservicos.com\/noticias\/wp-json\/wp\/v2\/posts\/82733","targetHints":{"allow":["GET"]}}],"collection":[{"href":"https:\/\/appservicos.com\/noticias\/wp-json\/wp\/v2\/posts"}],"about":[{"href":"https:\/\/appservicos.com\/noticias\/wp-json\/wp\/v2\/types\/post"}],"author":[{"embeddable":true,"href":"https:\/\/appservicos.com\/noticias\/wp-json\/wp\/v2\/users\/722"}],"replies":[{"embeddable":true,"href":"https:\/\/appservicos.com\/noticias\/wp-json\/wp\/v2\/comments?post=82733"}],"version-history":[{"count":0,"href":"https:\/\/appservicos.com\/noticias\/wp-json\/wp\/v2\/posts\/82733\/revisions"}],"wp:featuredmedia":[{"embeddable":true,"href":"https:\/\/appservicos.com\/noticias\/wp-json\/wp\/v2\/media\/82734"}],"wp:attachment":[{"href":"https:\/\/appservicos.com\/noticias\/wp-json\/wp\/v2\/media?parent=82733"}],"wp:term":[{"taxonomy":"category","embeddable":true,"href":"https:\/\/appservicos.com\/noticias\/wp-json\/wp\/v2\/categories?post=82733"},{"taxonomy":"post_tag","embeddable":true,"href":"https:\/\/appservicos.com\/noticias\/wp-json\/wp\/v2\/tags?post=82733"}],"curies":[{"name":"wp","href":"https:\/\/api.w.org\/{rel}","templated":true}]}}