{"id":82741,"date":"2026-09-04T10:39:31","date_gmt":"2026-09-04T13:39:31","guid":{"rendered":"https:\/\/appservicos.com\/noticias\/ue-suspende-carnes-do-brasil-entenda-impacto-e-proximos-passos\/"},"modified":"2026-09-04T10:39:38","modified_gmt":"2026-09-04T13:39:38","slug":"ue-suspende-carnes-do-brasil-entenda-impacto-e-proximos-passos","status":"publish","type":"post","link":"https:\/\/appservicos.com\/noticias\/ue-suspende-carnes-do-brasil-entenda-impacto-e-proximos-passos\/","title":{"rendered":"UE suspende carnes do Brasil; entenda impacto e pr\u00f3ximos passos"},"content":{"rendered":"<div>\n<p><strong>A Uni\u00e3o Europeia (UE)\u00a0come\u00e7ou nesta quinta-feira (3) a suspens\u00e3o da entrada de produtos de origem animal do Brasil em seus 27 pa\u00edses-membros. A medida atinge carnes bovina, de frango e su\u00edna, al\u00e9m de mel, pescados e ovos, e pode afetar at\u00e9 US$ 2 bilh\u00f5es por ano em exporta\u00e7\u00f5es brasileiras.<\/strong><img decoding=\"async\" src=\"https:\/\/agenciabrasil.ebc.com.br\/ebc.png?id=1701482&#038;o=node\"><img decoding=\"async\" src=\"https:\/\/agenciabrasil.ebc.com.br\/ebc.gif?id=1701482&#038;o=node\"><\/p>\n<p>O bloqueio, por\u00e9m, n\u00e3o \u00e9 necessariamente definitivo: o Brasil tenta comprovar que atende \u00e0s exig\u00eancias europeias. Al\u00e9m disso, uma auditoria da UE avalia as cadeias de frango e mel no pa\u00eds.<\/p>\n<p><strong>A restri\u00e7\u00e3o ocorre porque o bloco considera insuficientes os mecanismos brasileiros de controle do uso de antimicrobianos na produ\u00e7\u00e3o animal. A Uni\u00e3o Europeia n\u00e3o identificou casos de\u00a0contamina\u00e7\u00e3o\u00a0ou irregularidades sanit\u00e1rias em lotes brasileiros.\u00a0<\/strong><\/p>\n<h2>O que foi suspenso?<\/h2>\n<p>A partir desta quinta-feira, novas cargas dos produtos afetados n\u00e3o podem entrar no mercado dos 27 pa\u00edses da Uni\u00e3o Europeia.<\/p>\n<p>Est\u00e3o inclu\u00eddos:<\/p>\n<ul>\n<li>carne bovina;<\/li>\n<li>carne de frango;<\/li>\n<li>carne su\u00edna;<\/li>\n<li>mel;<\/li>\n<li>pescados;<\/li>\n<li>ovos.<\/li>\n<\/ul>\n<p>A medida atinge principalmente os segmentos de carne bovina e de frango, que t\u00eam participa\u00e7\u00e3o relevante nas exporta\u00e7\u00f5es brasileiras para o mercado europeu.<\/p>\n<h2>Por que a UE bloqueou?<\/h2>\n<p>A Uni\u00e3o Europeia det\u00e9m regras pr\u00f3prias para o uso de antimicrobianos na cria\u00e7\u00e3o de animais.<\/p>\n<p>Esses medicamentos podem ser usados para tratar infec\u00e7\u00f5es, mas o bloco pro\u00edbe o\u00a0emprego para estimular o crescimento dos animais. Tamb\u00e9m n\u00e3o permite que sejam utilizados em animais antimicrobianos reservados ao tratamento de infec\u00e7\u00f5es em seres humanos.<\/p>\n<p>A avalia\u00e7\u00e3o europeia \u00e9 de que o sistema brasileiro de controle dessas subst\u00e2ncias n\u00e3o oferece garantias suficientes para comprovar o cumprimento das regras.<\/p>\n<p>O governo brasileiro, por sua vez, contesta esse entendimento e afirma que a legisla\u00e7\u00e3o nacional j\u00e1 restringe o uso de antimicrobianos como promotores de crescimento, seguindo refer\u00eancias internacionais.<\/p>\n<h2>\u00c9 um problema sanit\u00e1rio?<\/h2>\n<p>N\u00e3o. Essa \u00e9 uma das principais d\u00favidas provocadas pela decis\u00e3o.<\/p>\n<p>O bloqueio europeu n\u00e3o foi anunciado ap\u00f3s a identifica\u00e7\u00e3o de contamina\u00e7\u00e3o ou de um problema sanit\u00e1rio espec\u00edfico em carnes brasileiras. A quest\u00e3o est\u00e1 relacionada aos mecanismos de controle e rastreabilidade do uso de antimicrobianos.<\/p>\n<p>Dessa forma, a medida n\u00e3o significa que a carne brasileira tenha sido considerada impr\u00f3pria para consumo.<\/p>\n<p>O Brasil exporta produtos de origem animal para dezenas de pa\u00edses e continua autorizado a vender para outros mercados que mantenham a habilita\u00e7\u00e3o dos produtos brasileiros.<\/p>\n<h2>Quanto o Brasil pode perder?<\/h2>\n<p>O impacto potencial estimado chega a US$ 2 bilh\u00f5es por ano considerando os produtos afetados.<\/p>\n<p>Somente a carne bovina respondeu por aproximadamente US$ 1,7 bilh\u00e3o em exporta\u00e7\u00f5es brasileiras para a UE em 2025, segundo os dados apresentados no material.<\/p>\n<p>Embora o mercado europeu represente uma parcela limitada do total das exporta\u00e7\u00f5es brasileiras de carne bovina, ele \u00e9 considerado estrat\u00e9gico porque compra cortes de maior valor agregado.<\/p>\n<p>O problema para o setor n\u00e3o \u00e9 apenas encontrar outro comprador. Diferentes mercados costumam demandar cortes espec\u00edficos, o que dificulta substitui\u00e7\u00e3o imediata das vendas destinadas \u00e0 Europa.<\/p>\n<h2>O que o Brasil fez?<\/h2>\n<p>O governo brasileiro vem negociando com a Uni\u00e3o Europeia desde que a medida foi anunciada.<\/p>\n<p>Entre as provid\u00eancias adotadas est\u00e3o:<\/p>\n<ul>\n<li>proibi\u00e7\u00e3o de determinados antimicrobianos;<\/li>\n<li>cria\u00e7\u00e3o de mais\u00a0regras de controle;<\/li>\n<li>proposta de um per\u00edodo de transi\u00e7\u00e3o, rejeitada pela UE;<\/li>\n<li>Elabora\u00e7\u00e3o de um protocolo de rastreabilidade;<\/li>\n<li>comprova\u00e7\u00e3o do controle sobre o uso dessas subst\u00e2ncias durante a produ\u00e7\u00e3o.<\/li>\n<\/ul>\n<p>O novo protocolo prev\u00ea o acompanhamento do animal desde o nascimento at\u00e9 o abate, permitindo comprovar que determinados antimicrobianos n\u00e3o foram usados durante sua vida.<\/p>\n<p>Segundo a Associa\u00e7\u00e3o Brasileira das Ind\u00fastrias Exportadoras de Carnes (Abiec), todas as empresas associadas e habilitadas a exportar para a Uni\u00e3o Europeia j\u00e1 aderiram ao protocolo privado desenvolvido pelo setor.<\/p>\n<h2>Quando o bloqueio pode acabar?<\/h2>\n<p>A suspens\u00e3o pode ser revertida, mas n\u00e3o h\u00e1 uma data definida para a retomada das exporta\u00e7\u00f5es.<\/p>\n<p>Esta semana, t\u00e9cnicos da Uni\u00e3o Europeia promovem\u00a0uma auditoria no Brasil sobre as cadeias de produ\u00e7\u00e3o de frango e mel. A inspe\u00e7\u00e3o deve terminar nesta sexta-feira (4).<\/p>\n<p>Depois, o resultado ainda precisar\u00e1 ser analisado pelas autoridades europeias. Esse processo pode levar cerca de dois meses.<\/p>\n<p>Se a UE considerar que as exig\u00eancias foram atendidas, o Brasil poder\u00e1 ser reinclu\u00eddo na lista de pa\u00edses autorizados a exportar.<\/p>\n<h2>E a carne bovina?<\/h2>\n<p>Para a carne bovina, a retomada pode ser mais demorada.<\/p>\n<p>Isso ocorre porque o novo sistema exige rastreamento durante todo o ciclo de vida do animal. Um bovino que passe a seguir as novas regras hoje pode levar entre 24 e 36 meses at\u00e9 chegar ao abate.<\/p>\n<p>Portanto, mesmo que a UE reverta o bloqueio, a adapta\u00e7\u00e3o da cadeia bovina \u00e0s novas exig\u00eancias pode levar anos.<\/p>\n<p>No caso do frango, o ciclo produtivo \u00e9 bem menor: aproximadamente 45 dias entre o nascimento e o abate.<\/p>\n<h2>O que acontece com frango?<\/h2>\n<div>\n<p><img decoding=\"async\" src=\"https:\/\/imagens.ebc.com.br\/b-bwbmz4kOk5qU-fScnLUSgohpw=\/365x0\/smart\/https:\/\/agenciabrasil.ebc.com.br\/sites\/default\/files\/atoms\/image\/frangos1ana.jpg?itok=C9KEWASy\" alt=\"Frangos                               \" title=\"Arquivo\/Ag\u00eancia Brasil\" data-old-src=\"https:\/\/agenciabrasil.ebc.com.br\/sites\/default\/files\/thumbnails\/image\/loading_v2.gif\" data-echo=\"https:\/\/imagens.ebc.com.br\/b-bwbmz4kOk5qU-fScnLUSgohpw=\/365x0\/smart\/https:\/\/agenciabrasil.ebc.com.br\/sites\/default\/files\/atoms\/image\/frangos1ana.jpg?itok=C9KEWASy\"><\/p>\n<\/div>\n<p>O setor av\u00edcola espera que as vendas para a Uni\u00e3o Europeia possam ser retomadas ainda em 2026, dependendo do resultado da auditoria.<\/p>\n<p>Caso o bloqueio permane\u00e7a, a produ\u00e7\u00e3o que seria destinada aos europeus poder\u00e1 ser destinada ao mercado brasileiro, a pa\u00edses do Oriente M\u00e9dio e a outros mercados internacionais.<\/p>\n<p>O Brasil exporta carne de frango para cerca de 150 pa\u00edses, o que oferece alternativas para parte da produ\u00e7\u00e3o.<\/p>\n<h2>E o mel?<\/h2>\n<p>O mel tamb\u00e9m entra na suspens\u00e3o. As exporta\u00e7\u00f5es brasileiras para a Uni\u00e3o Europeia dobraram no primeiro semestre de 2026, chegando a US$ 6,3 milh\u00f5es, segundo a Associa\u00e7\u00e3o Brasileira dos Exportadores de Mel (Abemel).<\/p>\n<p>O crescimento ocorreu em parte porque as tarifas adicionais impostas pelos Estados Unidos tornaram aquele mercado mais caro para os exportadores brasileiros, levando empresas a direcionar vendas para a Europa.<\/p>\n<p>Um dos riscos avaliados pelo setor \u00e9 a chamada contamina\u00e7\u00e3o cruzada. Ela pode ocorrer, por exemplo, quando colmeias ficam pr\u00f3ximas de \u00e1reas de cria\u00e7\u00e3o de animais onde determinados produtos s\u00e3o usados.<\/p>\n<h2>Consumidor brasileiro ser\u00e1 afetado?<\/h2>\n<p>A suspens\u00e3o \u00e9 direcionada \u00e0s exporta\u00e7\u00f5es para a Uni\u00e3o Europeia, e n\u00e3o significa interrup\u00e7\u00e3o da produ\u00e7\u00e3o ou comercializa\u00e7\u00e3o desses produtos no Brasil.<\/p>\n<p>Caso parte da produ\u00e7\u00e3o inicialmente destinada \u00e0 Europa seja redirecionada ao mercado interno, poder\u00e1 haver aumento da oferta dom\u00e9stica de determinados produtos.<\/p>\n<p>Isso, no entanto, n\u00e3o significa que os pre\u00e7os cair\u00e3o no mercado interno. O efeito depender\u00e1 de fatores como volume redirecionado, demanda interna e capacidade de absor\u00e7\u00e3o do mercado.<\/p>\n<h2>E os outros pa\u00edses?<\/h2>\n<p>O bloqueio n\u00e3o atinge automaticamente todos os parceiros comerciais do Brasil.<\/p>\n<p>Argentina, Paraguai e Uruguai, por exemplo, continuam autorizados a exportar produtos de origem animal para a Uni\u00e3o Europeia.<\/p>\n<p>A decis\u00e3o tamb\u00e9m ocorre em meio \u00e0s discuss\u00f5es comerciais entre o bloco europeu e o Mercosul. Por isso, representantes do agroneg\u00f3cio brasileiro classificam a medida de\u00a0protecionista, enquanto autoridades europeias sustentam que se trata do cumprimento de exig\u00eancias regulat\u00f3rias.<\/p>\n<p>O cen\u00e1rio agora depende principalmente de tr\u00eas etapas:<\/p>\n<ul>\n<li>conclus\u00e3o da auditoria europeia nas cadeias brasileiras de frango e mel;<\/li>\n<li>an\u00e1lise dos resultados pelas autoridades da Uni\u00e3o Europeia;<\/li>\n<li>comprova\u00e7\u00e3o da conformidade brasileira com as regras exigidas pelo bloco.<\/li>\n<\/ul>\n<p>Se as garantias apresentadas forem consideradas suficientes, a UE poder\u00e1 suspender o bloqueio e autorizar novamente as importa\u00e7\u00f5es.<\/p>\n<p>At\u00e9 l\u00e1, os setores afetados ter\u00e3o de administrar os estoques e buscar outros mercados para parte da produ\u00e7\u00e3o que seria destinada aos consumidores europeus.<\/p>\n<div>\n<p><strong>Veja mais detalhes no Rep\u00f3rter Brasil da TV Brasil:<\/strong><\/p>\n<p><iframe allow=\"accelerometer; autoplay; clipboard-write; encrypted-media; gyroscope; picture-in-picture; web-share\" allowfullscreen frameborder=\"0\" height=\"315\" referrerpolicy=\"strict-origin-when-cross-origin\" src=\"https:\/\/www.youtube.com\/embed\/xlKMYHMqVT8?si=45Gr2VuPk_c9bD5P&#038;start=859\" title=\"YouTube video player\" width=\"560\"><\/iframe><\/div>\n<\/p><\/div>\n","protected":false},"excerpt":{"rendered":"<p>A Uni\u00e3o Europeia (UE)\u00a0come\u00e7ou nesta quinta-feira (3) a suspens\u00e3o da entrada de produtos de origem animal do Brasil em seus 27 pa\u00edses-membros. A medida atinge carnes bovina, de frango e&hellip;<\/p>\n","protected":false},"author":1,"featured_media":82742,"comment_status":"open","ping_status":"open","sticky":false,"template":"","format":"standard","meta":{"_lmt_disableupdate":"","_lmt_disable":"","footnotes":""},"categories":[24],"tags":[],"class_list":["post-82741","post","type-post","status-publish","format-standard","has-post-thumbnail","hentry","category-economia"],"_links":{"self":[{"href":"https:\/\/appservicos.com\/noticias\/wp-json\/wp\/v2\/posts\/82741","targetHints":{"allow":["GET"]}}],"collection":[{"href":"https:\/\/appservicos.com\/noticias\/wp-json\/wp\/v2\/posts"}],"about":[{"href":"https:\/\/appservicos.com\/noticias\/wp-json\/wp\/v2\/types\/post"}],"author":[{"embeddable":true,"href":"https:\/\/appservicos.com\/noticias\/wp-json\/wp\/v2\/users\/1"}],"replies":[{"embeddable":true,"href":"https:\/\/appservicos.com\/noticias\/wp-json\/wp\/v2\/comments?post=82741"}],"version-history":[{"count":0,"href":"https:\/\/appservicos.com\/noticias\/wp-json\/wp\/v2\/posts\/82741\/revisions"}],"wp:featuredmedia":[{"embeddable":true,"href":"https:\/\/appservicos.com\/noticias\/wp-json\/wp\/v2\/media\/82742"}],"wp:attachment":[{"href":"https:\/\/appservicos.com\/noticias\/wp-json\/wp\/v2\/media?parent=82741"}],"wp:term":[{"taxonomy":"category","embeddable":true,"href":"https:\/\/appservicos.com\/noticias\/wp-json\/wp\/v2\/categories?post=82741"},{"taxonomy":"post_tag","embeddable":true,"href":"https:\/\/appservicos.com\/noticias\/wp-json\/wp\/v2\/tags?post=82741"}],"curies":[{"name":"wp","href":"https:\/\/api.w.org\/{rel}","templated":true}]}}