{"id":82745,"date":"2026-09-05T10:41:10","date_gmt":"2026-09-05T13:41:10","guid":{"rendered":"https:\/\/appservicos.com\/noticias\/confira-a-agenda-dos-presidenciaveis-neste-fim-de-semana-5-e-6\/"},"modified":"2026-09-05T10:41:12","modified_gmt":"2026-09-05T13:41:12","slug":"confira-a-agenda-dos-presidenciaveis-neste-fim-de-semana-5-e-6","status":"publish","type":"post","link":"https:\/\/appservicos.com\/noticias\/confira-a-agenda-dos-presidenciaveis-neste-fim-de-semana-5-e-6\/","title":{"rendered":"Confira a agenda dos presidenci\u00e1veis neste fim de semana (5 e 6)"},"content":{"rendered":"<div>\n<p>A agenda dos presidenci\u00e1veis neste fim de semana inclui lan\u00e7amentos de campanha, caminhadas, panfletagens e eventos pol\u00edticos. Tamb\u00e9m est\u00e3o previstas entrevistas, visitas, atos com aliados, encontros com representantes do setor produtivo e participa\u00e7\u00e3o em eventos de campanha e manifesta\u00e7\u00f5es pol\u00edticas.<\/p>\n<p><strong>Fl\u00e1vio Bolsonaro (PL)\u00a0<\/strong><br \/> Visita o ex-assessor Filipe Martins na cadeia P\u00fablica de Ponta Grossa (PR), no s\u00e1bado.\u00a0<\/p>\n<p><strong>Hertz Dias (PSTU)<\/strong><br \/> No s\u00e1bado, participa de panfletagem na Esta\u00e7\u00e3o da Lapa, em Salvador (BA), e de conversa de apresenta\u00e7\u00e3o do programa do PSTU no Emp\u00f3rio Bourbon Beer.\u00a0<\/p>\n<p><strong>Luiz In\u00e1cio Lula da Silva (PT)\u00a0<\/strong><br \/> Participa de ato Lula, Alckmin e Haddad em S\u00e3o Jos\u00e9 do Rio Preto (SP), na manh\u00e3 de s\u00e1bado.\u00a0<\/p>\n<p><strong>Renan Santos (Miss\u00e3o)<\/strong><br \/> No s\u00e1bado \u00e0 noite, participa de evento de campanha no Teatro Brasil Tropical, em Fortaleza (CE). No domingo, participa de evento de campanha no Sal\u00e3o Atlantis, em S\u00e3o Lu\u00eds (MA).\u00a0\u00a0<\/p>\n<p><strong>Samara Martins (UP)<\/strong><br \/> Em Santo Andr\u00e9 (SP), participa da Marcha do Hero\u00edsmo Revolucion\u00e1rio, em homenagem aos militantes assassinados e desaparecidos pela ditadura militar, no s\u00e1bado.\u00a0<\/p>\n<p><strong>Romeu Zema<\/strong><br \/> 9h\u00a0&#8211; Participa de entrevista presencial e gravada para a Record. Em seguida, vai\u00a0para Uberl\u00e2ndia, onde n\u00e3o tem agenda para o restante do s\u00e1bado.<\/p>\n<p><strong>Ronaldo Caiado (PSD)<\/strong><br \/> Visita \u00e0 49\u00aa edi\u00e7\u00e3o da Expointer, em Esteio (RS). Durante o evento, visita o \u00a0Pavilh\u00e3o da Agricultura Familiar e a \u00e1rea de m\u00e1quinas agr\u00edcolas e se re\u00fane com a Ocergs e a Farsul.\u00a0<\/p>\n<p><strong>Rui Costa Pimenta (PCO)\u00a0<\/strong><br \/> Em Belo Horizonte (MG), participa de almo\u00e7o e lan\u00e7amento de candidaturas.\u00a0<\/p>\n<p><strong>Augusto Cury (Avante)<\/strong><br \/> No s\u00e1bado, participa de lan\u00e7amento de campanha em Ara\u00e7atuba (SP) e faz caminhada pelo camel\u00f3dromo e cal\u00e7ad\u00e3o da cidade. No domingo, participa de adesiva\u00e7o em Natal (RN).<\/p>\n<p><strong>Clariana Bar\u00e3o (DC)<\/strong><br \/> Concede entrevista para o Jornal News SBT, no s\u00e1bado<\/p>\n<p><strong>Edmilson Costa (PCB)<\/strong><br \/> Cumpre agenda da secretaria-geral do PCB em Lisboa.\u00a0<\/p>\n<p>O candidato <strong>Wilson Grassi (Democrata) <\/strong>n\u00e3o tem agenda p\u00fablica de campanha neste fim de semana.\u00a0<\/p>\n<p>A ordem de apresenta\u00e7\u00e3o da cobertura da agenda dos candidatos a presidente segue rod\u00edzio di\u00e1rio em ordem alfab\u00e9tica.<\/p>\n<p><em>*Colaborou Paula Laboissi\u00e8re.<\/em><\/p>\n<\/p><\/div>\n","protected":false},"excerpt":{"rendered":"<p>A agenda dos presidenci\u00e1veis neste fim de semana inclui lan\u00e7amentos de campanha, caminhadas, panfletagens e eventos pol\u00edticos. Tamb\u00e9m est\u00e3o previstas entrevistas, visitas, atos com aliados, encontros com representantes do setor&hellip;<\/p>\n","protected":false},"author":134,"featured_media":82746,"comment_status":"closed","ping_status":"closed","sticky":false,"template":"","format":"standard","meta":{"_lmt_disableupdate":"","_lmt_disable":"","footnotes":""},"categories":[2],"tags":[],"class_list":["post-82745","post","type-post","status-publish","format-standard","has-post-thumbnail","hentry","category-brasil"],"_links":{"self":[{"href":"https:\/\/appservicos.com\/noticias\/wp-json\/wp\/v2\/posts\/82745","targetHints":{"allow":["GET"]}}],"collection":[{"href":"https:\/\/appservicos.com\/noticias\/wp-json\/wp\/v2\/posts"}],"about":[{"href":"https:\/\/appservicos.com\/noticias\/wp-json\/wp\/v2\/types\/post"}],"author":[{"embeddable":true,"href":"https:\/\/appservicos.com\/noticias\/wp-json\/wp\/v2\/users\/134"}],"replies":[{"embeddable":true,"href":"https:\/\/appservicos.com\/noticias\/wp-json\/wp\/v2\/comments?post=82745"}],"version-history":[{"count":0,"href":"https:\/\/appservicos.com\/noticias\/wp-json\/wp\/v2\/posts\/82745\/revisions"}],"wp:featuredmedia":[{"embeddable":true,"href":"https:\/\/appservicos.com\/noticias\/wp-json\/wp\/v2\/media\/82746"}],"wp:attachment":[{"href":"https:\/\/appservicos.com\/noticias\/wp-json\/wp\/v2\/media?parent=82745"}],"wp:term":[{"taxonomy":"category","embeddable":true,"href":"https:\/\/appservicos.com\/noticias\/wp-json\/wp\/v2\/categories?post=82745"},{"taxonomy":"post_tag","embeddable":true,"href":"https:\/\/appservicos.com\/noticias\/wp-json\/wp\/v2\/tags?post=82745"}],"curies":[{"name":"wp","href":"https:\/\/api.w.org\/{rel}","templated":true}]}}