{"id":82765,"date":"2026-09-05T10:41:29","date_gmt":"2026-09-05T13:41:29","guid":{"rendered":"https:\/\/appservicos.com\/noticias\/governos-federal-e-do-rio-se-unem-para-combater-crime-organizado\/"},"modified":"2026-09-05T10:41:30","modified_gmt":"2026-09-05T13:41:30","slug":"governos-federal-e-do-rio-se-unem-para-combater-crime-organizado","status":"publish","type":"post","link":"https:\/\/appservicos.com\/noticias\/governos-federal-e-do-rio-se-unem-para-combater-crime-organizado\/","title":{"rendered":"Governos federal e do Rio se unem para combater crime organizado"},"content":{"rendered":"<div>\n<p><strong>O Minist\u00e9rio da Justi\u00e7a e Seguran\u00e7a P\u00fablica (MJSP) e o governo do Rio de Janeiro firmaram uma parceria com o objetivo de refor\u00e7ar a presen\u00e7a do poder p\u00fablico em \u00e1reas dominadas por organiza\u00e7\u00f5es criminosas e aumentar a prote\u00e7\u00e3o de importantes corredores de circula\u00e7\u00e3o do estado.<\/strong> Os dois acordos de coopera\u00e7\u00e3o t\u00e9cnica foram assinados nesta quinta-feira (3) pelo governador em exerc\u00edcio, desembargador Ricardo Couto, e pelo ministro da Justi\u00e7a e Seguran\u00e7a P\u00fablica, Wellington C\u00e9sar Lima e Silva.<img decoding=\"async\" src=\"https:\/\/agenciabrasil.ebc.com.br\/ebc.png?id=1701564&#038;o=node\"><img decoding=\"async\" src=\"https:\/\/agenciabrasil.ebc.com.br\/ebc.gif?id=1701564&#038;o=node\"><\/p>\n<p>A parceria prev\u00ea troca de informa\u00e7\u00f5es, apoio operacional e integra\u00e7\u00e3o de tecnologias para enfraquecer as estruturas financeiras e patrimoniais utilizadas pelo crime organizado.<\/p>\n<p>Segundo <strong>Ricardo Couto<\/strong>, a soma de esfor\u00e7os entre Estado e Uni\u00e3o amplia a capacidade de atua\u00e7\u00e3o das for\u00e7as de seguran\u00e7a por meio de intelig\u00eancia, tecnologia e a\u00e7\u00f5es integradas. A coopera\u00e7\u00e3o poder\u00e1 contar com o apoio da For\u00e7a Nacional, da Pol\u00edcia Federal, da Pol\u00edcia Rodovi\u00e1ria Federal e da Pol\u00edcia Penal Federal.<\/p>\n<p>De acordo com o ministro <strong>Wellington C\u00e9sar Lima e Silva<\/strong>, tamb\u00e9m est\u00e1 prevista a integra\u00e7\u00e3o dos sistemas penitenci\u00e1rios federal e estadual. A medida inclui protocolos para isolar lideran\u00e7as criminosas e impedir a comunica\u00e7\u00e3o entre presos e grupos que atuam nas comunidades.<\/p>\n<p>O enfrentamento das bases econ\u00f4micas do crime ter\u00e1 a participa\u00e7\u00e3o de \u00f3rg\u00e3os como a Receita Federal, o Conselho de Controle de Atividades Financeiras, o Banco Central e ag\u00eancias reguladoras. O objetivo \u00e9 identificar, bloquear e recuperar recursos ligados \u00e0s organiza\u00e7\u00f5es criminosas.<\/p>\n<h3>Seguran\u00e7a de vias<\/h3>\n<p>A atua\u00e7\u00e3o conjunta tamb\u00e9m vai refor\u00e7ar a seguran\u00e7a em vias estrat\u00e9gicas, como a Avenida Brasil, as Linhas Amarela e Vermelha, al\u00e9m dos acessos ao Porto do Rio e ao Aeroporto Internacional Tom Jobim.<\/p>\n<p>A estrat\u00e9gia prev\u00ea ainda o uso de ferramentas tecnol\u00f3gicas, como cercamento eletr\u00f4nico, leitores autom\u00e1ticos de placas, drones e centros integrados de comando e controle, para reduzir roubos de cargas e ve\u00edculos e fortalecer as investiga\u00e7\u00f5es contra quadrilhas que atuam nessas regi\u00f5es.<\/p>\n<p><em>*Com informa\u00e7\u00f5es da Ag\u00eancia Brasil<\/em><\/p>\n<\/p><\/div>\n","protected":false},"excerpt":{"rendered":"<p>O Minist\u00e9rio da Justi\u00e7a e Seguran\u00e7a P\u00fablica (MJSP) e o governo do Rio de Janeiro firmaram uma parceria com o objetivo de refor\u00e7ar a presen\u00e7a do poder p\u00fablico em \u00e1reas&hellip;<\/p>\n","protected":false},"author":1,"featured_media":82766,"comment_status":"open","ping_status":"open","sticky":false,"template":"","format":"standard","meta":{"_lmt_disableupdate":"","_lmt_disable":"","footnotes":""},"categories":[20],"tags":[],"class_list":["post-82765","post","type-post","status-publish","format-standard","has-post-thumbnail","hentry","category-policia"],"_links":{"self":[{"href":"https:\/\/appservicos.com\/noticias\/wp-json\/wp\/v2\/posts\/82765","targetHints":{"allow":["GET"]}}],"collection":[{"href":"https:\/\/appservicos.com\/noticias\/wp-json\/wp\/v2\/posts"}],"about":[{"href":"https:\/\/appservicos.com\/noticias\/wp-json\/wp\/v2\/types\/post"}],"author":[{"embeddable":true,"href":"https:\/\/appservicos.com\/noticias\/wp-json\/wp\/v2\/users\/1"}],"replies":[{"embeddable":true,"href":"https:\/\/appservicos.com\/noticias\/wp-json\/wp\/v2\/comments?post=82765"}],"version-history":[{"count":0,"href":"https:\/\/appservicos.com\/noticias\/wp-json\/wp\/v2\/posts\/82765\/revisions"}],"wp:featuredmedia":[{"embeddable":true,"href":"https:\/\/appservicos.com\/noticias\/wp-json\/wp\/v2\/media\/82766"}],"wp:attachment":[{"href":"https:\/\/appservicos.com\/noticias\/wp-json\/wp\/v2\/media?parent=82765"}],"wp:term":[{"taxonomy":"category","embeddable":true,"href":"https:\/\/appservicos.com\/noticias\/wp-json\/wp\/v2\/categories?post=82765"},{"taxonomy":"post_tag","embeddable":true,"href":"https:\/\/appservicos.com\/noticias\/wp-json\/wp\/v2\/tags?post=82765"}],"curies":[{"name":"wp","href":"https:\/\/api.w.org\/{rel}","templated":true}]}}