{"id":82769,"date":"2026-09-05T10:41:33","date_gmt":"2026-09-05T13:41:33","guid":{"rendered":"https:\/\/appservicos.com\/noticias\/no-para-festival-afro-mare-abre-espaco-para-culturas-afro-amazonicas\/"},"modified":"2026-09-05T10:41:33","modified_gmt":"2026-09-05T13:41:33","slug":"no-para-festival-afro-mare-abre-espaco-para-culturas-afro-amazonicas","status":"publish","type":"post","link":"https:\/\/appservicos.com\/noticias\/no-para-festival-afro-mare-abre-espaco-para-culturas-afro-amazonicas\/","title":{"rendered":"No Par\u00e1, Festival Afro Mar\u00e9 abre espa\u00e7o para culturas afro-amaz\u00f4nicas"},"content":{"rendered":"<div id=\"block-system-main\">\n<div id=\"panel\">\n<p>Uma mistura de ritmos e tradi\u00e7\u00f5es <strong>afro-amaz\u00f4nicas <\/strong>vai ocupar o Caramanch\u00e3o do Chap\u00e9u Virado em <strong>Mosqueiro (PA)<\/strong>. O Festival Afro Mar\u00e9 re\u00fane neste domingo (6), a partir do meio-dia, artistas de diferentes linguagens e culturas. Segundo o criador do projeto, Daniel ADR, busca valorizar as conex\u00f5es entre territ\u00f3rio, ancestralidade e m\u00fasica.<img decoding=\"async\" src=\"https:\/\/agenciabrasil.ebc.com.br\/ebc.png?id=1701569&#038;o=node\"><img decoding=\"async\" src=\"https:\/\/agenciabrasil.ebc.com.br\/ebc.gif?id=1701569&#038;o=node\"><\/p>\n<blockquote>\n<p>&#8220;Quando a gente\u00a0fala de cultura afro, muitas vezes o imagin\u00e1rio vai imediatamente para as manifesta\u00e7\u00f5es tradicionais ou para as religi\u00f5es de matriz africana, que s\u00e3o fundamentais, mas a nossa cultura negra tamb\u00e9m est\u00e1 no hip hop, \u00a0na rima, no break, \u00a0no tecnobrega, no carib\u00f3 e em tantas outras express\u00f5es que foram constru\u00eddas e ressignificadas pelo nosso povo. \u00a0Ent\u00e3o o Afro Mar\u00e9 nasce desse encontro entre a ancestralidade e a contemporaneidade&#8221;.<\/p>\n<\/blockquote>\n<p>O festival amplia o conceito de cultura afro para al\u00e9m das manifesta\u00e7\u00f5es religiosas.<\/p>\n<blockquote>\n<p>Mosqueiro tem popula\u00e7\u00e3o, tem artista, tem juventude, tem terreiros, tem cultura e tem uma produ\u00e7\u00e3o cultural que acontece o ano inteiro. Quando a gente leva uma programa\u00e7\u00e3o gratuita desse porte l\u00e1 para Mosqueiro, a gente tamb\u00e9m est\u00e1 falando sobre direito \u00e0 cultura e sobre a descentraliza\u00e7\u00e3o. \u00a0A popula\u00e7\u00e3o n\u00e3o pode precisar sempre se deslocar para o centro de Bel\u00e9m para ter acesso a grandes programa\u00e7\u00f5es.<\/p>\n<\/blockquote>\n<p>A programa\u00e7\u00e3o gratuita no canal Manch\u00e3o do Chap\u00e9u Virado em Mosqueiro conta com shows, DJs, batalhas de rima, apresenta\u00e7\u00f5es de break e concursos de tecnobrega.\u00a0<\/p>\n<\/p><\/div>\n<\/p><\/div>\n","protected":false},"excerpt":{"rendered":"<p>Uma mistura de ritmos e tradi\u00e7\u00f5es afro-amaz\u00f4nicas vai ocupar o Caramanch\u00e3o do Chap\u00e9u Virado em Mosqueiro (PA). O Festival Afro Mar\u00e9 re\u00fane neste domingo (6), a partir do meio-dia, artistas&hellip;<\/p>\n","protected":false},"author":1046,"featured_media":82770,"comment_status":"open","ping_status":"open","sticky":false,"template":"","format":"standard","meta":{"_lmt_disableupdate":"","_lmt_disable":"","footnotes":""},"categories":[23],"tags":[],"class_list":["post-82769","post","type-post","status-publish","format-standard","has-post-thumbnail","hentry","category-famosos-tv"],"_links":{"self":[{"href":"https:\/\/appservicos.com\/noticias\/wp-json\/wp\/v2\/posts\/82769","targetHints":{"allow":["GET"]}}],"collection":[{"href":"https:\/\/appservicos.com\/noticias\/wp-json\/wp\/v2\/posts"}],"about":[{"href":"https:\/\/appservicos.com\/noticias\/wp-json\/wp\/v2\/types\/post"}],"author":[{"embeddable":true,"href":"https:\/\/appservicos.com\/noticias\/wp-json\/wp\/v2\/users\/1046"}],"replies":[{"embeddable":true,"href":"https:\/\/appservicos.com\/noticias\/wp-json\/wp\/v2\/comments?post=82769"}],"version-history":[{"count":0,"href":"https:\/\/appservicos.com\/noticias\/wp-json\/wp\/v2\/posts\/82769\/revisions"}],"wp:featuredmedia":[{"embeddable":true,"href":"https:\/\/appservicos.com\/noticias\/wp-json\/wp\/v2\/media\/82770"}],"wp:attachment":[{"href":"https:\/\/appservicos.com\/noticias\/wp-json\/wp\/v2\/media?parent=82769"}],"wp:term":[{"taxonomy":"category","embeddable":true,"href":"https:\/\/appservicos.com\/noticias\/wp-json\/wp\/v2\/categories?post=82769"},{"taxonomy":"post_tag","embeddable":true,"href":"https:\/\/appservicos.com\/noticias\/wp-json\/wp\/v2\/tags?post=82769"}],"curies":[{"name":"wp","href":"https:\/\/api.w.org\/{rel}","templated":true}]}}