{"id":82771,"date":"2026-09-05T10:41:32","date_gmt":"2026-09-05T13:41:32","guid":{"rendered":"https:\/\/appservicos.com\/noticias\/festival-da-cultura-japonesa-de-salvador-comeca-nesta-sexta-feira\/"},"modified":"2026-09-05T10:41:35","modified_gmt":"2026-09-05T13:41:35","slug":"festival-da-cultura-japonesa-de-salvador-comeca-nesta-sexta-feira","status":"publish","type":"post","link":"https:\/\/appservicos.com\/noticias\/festival-da-cultura-japonesa-de-salvador-comeca-nesta-sexta-feira\/","title":{"rendered":"Festival\u00a0da\u00a0Cultura\u00a0Japonesa de Salvador come\u00e7a nesta sexta-feira"},"content":{"rendered":"<div id=\"panel\">\n<p>Come\u00e7a nesta sexta-feira (4), na Bahia, o\u00a0Festival\u00a0da\u00a0Cultura\u00a0Japonesa de Salvador. H\u00e1 v\u00e1rios anos, o p\u00fablico participa de atividades para fam\u00edlias, jovens e idosos, misturando tradi\u00e7\u00f5es milenares,\u00a0cultura\u00a0pop japonesa e o tempero baiano.<img decoding=\"async\" src=\"https:\/\/agenciabrasil.ebc.com.br\/ebc.png?id=1701539&#038;o=node\"><img decoding=\"async\" src=\"https:\/\/agenciabrasil.ebc.com.br\/ebc.gif?id=1701539&#038;o=node\"><\/p>\n<p>O\u00a0Festival\u00a0da\u00a0Cultura\u00a0Japonesa de Salvador vai at\u00e9 segunda-feira, no feriado de 7 de setembro.<\/p>\n<p>S\u00e3o quatro palcos, mais o espa\u00e7o para a tradicional dan\u00e7a circular Bon Odori, sempre no finalzinho da tarde.<\/p>\n<p>O palco Haru recebe quatro dias de shows musicais, apresenta\u00e7\u00f5es de ilusionismo, dan\u00e7as tradicionais e o concurso de beleza Miss Nikkey.\u00a0<\/p>\n<p>J\u00e1 o outro palco, Natsu, \u00e9 voltado para demonstra\u00e7\u00f5es de artes marciais, percuss\u00e3o e workshops de sum\u00f4.<\/p>\n<p>O terceiro palco, Mirai, \u00e9 um espa\u00e7o Pop para bate-papos sobre animes, encontros de f\u00e3s e concursos de cosplay.<\/p>\n<p>A novidade deste ano \u00e9 o palco Nami, dedicado para disputas de dan\u00e7a, al\u00e9m de bate-papo com dubladores.<\/p>\n<p>Quando bater a fome, muitos pratos t\u00edpicos e at\u00e9 oficinas de culin\u00e1ria, que ensinam a preparar sushi e dango, aquele docinho feito com farinha de arroz, para crian\u00e7as.<\/p>\n<p>Mas a\u00a0cultura\u00a0japonesa na Bahia n\u00e3o se resume a Salvador. O espa\u00e7o Bahia Nikkei tem v\u00e1rios itens artesanais e agr\u00edcolas produzidos em diferentes cidades do interior baiano.<\/p>\n<p>Tamb\u00e9m tem oficinas de origami, pintura japonesa, cerim\u00f4nia do ch\u00e1, \u00e1baco, e v\u00e1rias atividades com inscri\u00e7\u00f5es feitas no parque de exposi\u00e7\u00f5es\u00a0de Salvador.<\/p>\n<\/p><\/div>\n","protected":false},"excerpt":{"rendered":"<p>Come\u00e7a nesta sexta-feira (4), na Bahia, o\u00a0Festival\u00a0da\u00a0Cultura\u00a0Japonesa de Salvador. H\u00e1 v\u00e1rios anos, o p\u00fablico participa de atividades para fam\u00edlias, jovens e idosos, misturando tradi\u00e7\u00f5es milenares,\u00a0cultura\u00a0pop japonesa e o tempero baiano.&hellip;<\/p>\n","protected":false},"author":722,"featured_media":82772,"comment_status":"open","ping_status":"open","sticky":false,"template":"","format":"standard","meta":{"_lmt_disableupdate":"","_lmt_disable":"","footnotes":""},"categories":[23],"tags":[],"class_list":["post-82771","post","type-post","status-publish","format-standard","has-post-thumbnail","hentry","category-famosos-tv"],"_links":{"self":[{"href":"https:\/\/appservicos.com\/noticias\/wp-json\/wp\/v2\/posts\/82771","targetHints":{"allow":["GET"]}}],"collection":[{"href":"https:\/\/appservicos.com\/noticias\/wp-json\/wp\/v2\/posts"}],"about":[{"href":"https:\/\/appservicos.com\/noticias\/wp-json\/wp\/v2\/types\/post"}],"author":[{"embeddable":true,"href":"https:\/\/appservicos.com\/noticias\/wp-json\/wp\/v2\/users\/722"}],"replies":[{"embeddable":true,"href":"https:\/\/appservicos.com\/noticias\/wp-json\/wp\/v2\/comments?post=82771"}],"version-history":[{"count":0,"href":"https:\/\/appservicos.com\/noticias\/wp-json\/wp\/v2\/posts\/82771\/revisions"}],"wp:featuredmedia":[{"embeddable":true,"href":"https:\/\/appservicos.com\/noticias\/wp-json\/wp\/v2\/media\/82772"}],"wp:attachment":[{"href":"https:\/\/appservicos.com\/noticias\/wp-json\/wp\/v2\/media?parent=82771"}],"wp:term":[{"taxonomy":"category","embeddable":true,"href":"https:\/\/appservicos.com\/noticias\/wp-json\/wp\/v2\/categories?post=82771"},{"taxonomy":"post_tag","embeddable":true,"href":"https:\/\/appservicos.com\/noticias\/wp-json\/wp\/v2\/tags?post=82771"}],"curies":[{"name":"wp","href":"https:\/\/api.w.org\/{rel}","templated":true}]}}