{"id":82783,"date":"2026-09-05T10:41:38","date_gmt":"2026-09-05T13:41:38","guid":{"rendered":"https:\/\/appservicos.com\/noticias\/balanca-comercial-tem-superavit-de-us-74-bilhoes-em-agosto\/"},"modified":"2026-09-05T10:41:45","modified_gmt":"2026-09-05T13:41:45","slug":"balanca-comercial-tem-superavit-de-us-74-bilhoes-em-agosto","status":"publish","type":"post","link":"https:\/\/appservicos.com\/noticias\/balanca-comercial-tem-superavit-de-us-74-bilhoes-em-agosto\/","title":{"rendered":"Balan\u00e7a comercial tem super\u00e1vit de US$ 7,4 bilh\u00f5es em agosto"},"content":{"rendered":"<div>\n<p><strong>Com a ajuda do petr\u00f3leo, da soja, do cobre e do caf\u00e9, a balan\u00e7a comercial brasileira registrou super\u00e1vit de US$ 7,4 bilh\u00f5es em agosto, resultado 23,8% superior ao do mesmo m\u00eas de 2025.<\/strong><img decoding=\"async\" src=\"https:\/\/agenciabrasil.ebc.com.br\/ebc.png?id=1701557&#038;o=node\"><img decoding=\"async\" src=\"https:\/\/agenciabrasil.ebc.com.br\/ebc.gif?id=1701557&#038;o=node\"><\/p>\n<p>Esse \u00e9 o terceiro maior super\u00e1vit comercial para meses de agosto, s\u00f3 perdendo para o recorde de agosto de 2023 (US$ 9,6 bilh\u00f5es) e de 2021 (US$ 7,7 bilh\u00f5es).\u00a0<\/p>\n<p><strong>O desempenho foi impulsionado pelo crescimento das exporta\u00e7\u00f5es, que avan\u00e7aram quase 12,2% no per\u00edodo<\/strong>, segundo dados divulgados nesta sexta-feira (4) pelo Minist\u00e9rio do Desenvolvimento, Ind\u00fastria, Com\u00e9rcio e Servi\u00e7os (Mdic).<\/p>\n<p>A corrente de com\u00e9rcio, soma de exporta\u00e7\u00f5es e importa\u00e7\u00f5es, alcan\u00e7ou US$ 58,9 bilh\u00f5es, o maior valor j\u00e1 registrado para meses de agosto na s\u00e9rie hist\u00f3rica.<\/p>\n<p><strong>Principais n\u00fameros<\/strong><\/p>\n<ul>\n<li>Super\u00e1vit: US$ 7,4 bilh\u00f5es (+23,8% ante agosto de 2025);<\/li>\n<li>Exporta\u00e7\u00f5es: US$ 33,2 bilh\u00f5es (+12,2%);<\/li>\n<li>Importa\u00e7\u00f5es: US$ 25,8 bilh\u00f5es (+9,2%);<\/li>\n<li>Corrente de com\u00e9rcio: US$ 58,9 bilh\u00f5es (+10,9%).<\/li>\n<\/ul>\n<h2>Exporta\u00e7\u00f5es crescem<\/h2>\n<p>O aumento das vendas externas foi liderado pela ind\u00fastria extrativa, seguida pela ind\u00fastria de transforma\u00e7\u00e3o e pelo agroneg\u00f3cio.<\/p>\n<p><strong>Exporta\u00e7\u00f5es por setor:<\/strong><\/p>\n<ul>\n<li>Ind\u00fastria extrativa: US$ 8,3 bilh\u00f5es (+16,4% ante agosto de 2025);<\/li>\n<li>Ind\u00fastria de transforma\u00e7\u00e3o: US$ 17,2 bilh\u00f5es (+10,2%);<\/li>\n<li>Agropecu\u00e1ria: US$ 7,4 bilh\u00f5es (+11,4%).<\/li>\n<\/ul>\n<p><strong>Produtos em destaque:<\/strong><\/p>\n<ul>\n<li>Ind\u00fastria extrativa: min\u00e9rios de cobre e concentrados (+223,1%); min\u00e9rios de n\u00edquel e concentrados (+120,7%); e petr\u00f3leo bruto\u00a0 (+18% ante agosto do ano passado), min\u00e9rio de ferro (+20%);<\/li>\n<li>Ind\u00fastria de transforma\u00e7\u00e3o: combust\u00edveis (+61,6%); carnes de aves (+40,5%); e farelos de soja e outros alimentos para animais (+36,6%);<\/li>\n<li>Agropecu\u00e1ria: soja (+14%); caf\u00e9 n\u00e3o torrado (+24,1%); e animais vivos, exceto pescados e crust\u00e1ceos (+174,3%).<\/li>\n<\/ul>\n<p>Apesar do crescimento geral das exporta\u00e7\u00f5es, as vendas externas de min\u00e9rio de ferro ca\u00edram 10,8% em rela\u00e7\u00e3o a agosto do ano passado, por causa tanto da queda de 4,4% no pre\u00e7o m\u00e9dio e de 6,7% no volume.<\/p>\n<p>As exporta\u00e7\u00f5es de carne bovina recuaram 19,7% na mesma compara\u00e7\u00e3o, em meio ao atingimento da cota estabelecida pela China. No fim do ano passado, o pa\u00eds asi\u00e1tico, principal destino da carne brasileira, estabeleceu um limite de importa\u00e7\u00e3o de 1,106 milh\u00e3o de toneladas para a carne brasileira. O que exceder esse volume entra no pa\u00eds com uma sobretaxa de 55%.<\/p>\n<h2>Destinos das vendas<\/h2>\n<p>As exporta\u00e7\u00f5es cresceram para a maior parte dos principais mercados do Brasil, incluindo os Estados Unidos, apesar das tens\u00f5es comerciais entre os dois pa\u00edses.<\/p>\n<p><strong>Exporta\u00e7\u00f5es por regi\u00e3o:<\/strong><\/p>\n<ul>\n<li>\u00c1sia (exceto Oriente M\u00e9dio): US$ 13,6 bilh\u00f5es (+0,7% ante agosto do ano passado);<\/li>\n<li>Europa: US$ 7,3 bilh\u00f5es (+22,1%);<\/li>\n<li>Am\u00e9rica do Norte: US$ 4,6 bilh\u00f5es (+11,5%);<\/li>\n<li>Am\u00e9rica do Sul: US$ 3,6 bilh\u00f5es (-1,5%);<\/li>\n<li>\u00c1frica: US$ 1,7 bilh\u00e3o (+20,5%);<\/li>\n<li>Oriente M\u00e9dio: US$ 1,4 bilh\u00e3o (+12,6%).<\/li>\n<\/ul>\n<p>As vendas para os Estados Unidos avan\u00e7aram 12,1% na compara\u00e7\u00e3o com agosto do ano passado, mesmo com as novas tarifas de 25% e de 12,5% sobre produtos brasileiros.<\/p>\n<h2>Importa\u00e7\u00f5es avan\u00e7am<\/h2>\n<p>As compras brasileiras no exterior tamb\u00e9m cresceram em agosto, principalmente de bens de consumo e bens intermedi\u00e1rios.<\/p>\n<p><strong>Importa\u00e7\u00f5es por categoria:<\/strong><\/p>\n<ul>\n<li>Bens intermedi\u00e1rios: US$ 15 bilh\u00f5es (+3,1%);<\/li>\n<li>Bens de consumo: US$ 3,9 bilh\u00f5es (+15%);<\/li>\n<li>Bens de capital: US$ 3,9 bilh\u00f5es (+29,3%);<\/li>\n<li>Combust\u00edveis: US$ 3 bilh\u00f5es (+7,4%).<\/li>\n<\/ul>\n<h2>Acumulado do ano<\/h2>\n<p>No acumulado de janeiro a agosto, a balan\u00e7a comercial registrou super\u00e1vit de US$ 55,3 bilh\u00f5es.<\/p>\n<p><strong>No per\u00edodo:<\/strong><\/p>\n<ul>\n<li>Exporta\u00e7\u00f5es: US$ 250,9 bilh\u00f5es (+10,3%);<\/li>\n<li>Importa\u00e7\u00f5es: US$ 195,5 bilh\u00f5es (+6,1%);<\/li>\n<li>Saldo comercial: US$ 55,3 bilh\u00f5es (+28,2%).<\/li>\n<\/ul>\n<p>O valor \u00e9 o segundo maior para o per\u00edodo desde o in\u00edcio da s\u00e9rie hist\u00f3rica, em 1989. S\u00f3 perde para janeiro a agosto de 2023, quando o super\u00e1vit estava em US$ 62,4 bilh\u00f5es.<\/p>\n<h2>Proje\u00e7\u00f5es<\/h2>\n<p>Em julho, o MDIC revisou para cima sua proje\u00e7\u00e3o para 2026. <strong>A estimativa de super\u00e1vit da balan\u00e7a comercial passou de US$ 72,1 bilh\u00f5es para US$ 90 bilh\u00f5es.<\/strong><\/p>\n<p>A previs\u00e3o de exporta\u00e7\u00f5es foi elevada de US$ 364,2 bilh\u00f5es para US$ 394,4 bilh\u00f5es. A proje\u00e7\u00e3o para as importa\u00e7\u00f5es passou de US$ 292,1 bilh\u00f5es para US$ 304,4 bilh\u00f5es. A pr\u00f3xima estimativa ser\u00e1 divulgada em outubro.<\/p>\n<p>As estimativas est\u00e3o mais otimistas que a das institui\u00e7\u00f5es financeiras. Segundo o boletim Focus, pesquisa semanal com institui\u00e7\u00f5es financeiras divulgada pelo Banco Central, os analistas de mercado projetam super\u00e1vit comercial de US$ 78 bilh\u00f5es para este ano.<\/p>\n<\/p><\/div>\n","protected":false},"excerpt":{"rendered":"<p>Com a ajuda do petr\u00f3leo, da soja, do cobre e do caf\u00e9, a balan\u00e7a comercial brasileira registrou super\u00e1vit de US$ 7,4 bilh\u00f5es em agosto, resultado 23,8% superior ao do mesmo&hellip;<\/p>\n","protected":false},"author":1,"featured_media":82784,"comment_status":"open","ping_status":"open","sticky":false,"template":"","format":"standard","meta":{"_lmt_disableupdate":"","_lmt_disable":"","footnotes":""},"categories":[24],"tags":[],"class_list":["post-82783","post","type-post","status-publish","format-standard","has-post-thumbnail","hentry","category-economia"],"_links":{"self":[{"href":"https:\/\/appservicos.com\/noticias\/wp-json\/wp\/v2\/posts\/82783","targetHints":{"allow":["GET"]}}],"collection":[{"href":"https:\/\/appservicos.com\/noticias\/wp-json\/wp\/v2\/posts"}],"about":[{"href":"https:\/\/appservicos.com\/noticias\/wp-json\/wp\/v2\/types\/post"}],"author":[{"embeddable":true,"href":"https:\/\/appservicos.com\/noticias\/wp-json\/wp\/v2\/users\/1"}],"replies":[{"embeddable":true,"href":"https:\/\/appservicos.com\/noticias\/wp-json\/wp\/v2\/comments?post=82783"}],"version-history":[{"count":0,"href":"https:\/\/appservicos.com\/noticias\/wp-json\/wp\/v2\/posts\/82783\/revisions"}],"wp:featuredmedia":[{"embeddable":true,"href":"https:\/\/appservicos.com\/noticias\/wp-json\/wp\/v2\/media\/82784"}],"wp:attachment":[{"href":"https:\/\/appservicos.com\/noticias\/wp-json\/wp\/v2\/media?parent=82783"}],"wp:term":[{"taxonomy":"category","embeddable":true,"href":"https:\/\/appservicos.com\/noticias\/wp-json\/wp\/v2\/categories?post=82783"},{"taxonomy":"post_tag","embeddable":true,"href":"https:\/\/appservicos.com\/noticias\/wp-json\/wp\/v2\/tags?post=82783"}],"curies":[{"name":"wp","href":"https:\/\/api.w.org\/{rel}","templated":true}]}}